{"id":19219,"date":"2025-05-30T09:34:49","date_gmt":"2025-05-30T13:34:49","guid":{"rendered":"https:\/\/www.ja-lesieur.com\/mme-christiane-corriveau-1959-2025\/"},"modified":"2025-05-30T09:34:49","modified_gmt":"2025-05-30T13:34:49","slug":"mme-christiane-corriveau-1959-2025","status":"publish","type":"post","link":"https:\/\/www.ja-lesieur.com\/en\/mme-christiane-corriveau-1959-2025\/","title":{"rendered":"Mme Christiane Corriveau 1959-2025"},"content":{"rendered":"<p>&nbsp;<\/p>\n<p>Entour\u00e9e des siens, \u00e0 St-Thomas, le 30 mai 2025, \u00e0 l&#8217;\u00e2ge de 65 ans, est d\u00e9c\u00e9d\u00e9e Mme Christiane Corriveau, \u00e9pouse de M. Gilles Coulombe et fille de feu Jacques Corriveau et feu Jacline\u00a0Goyette.<\/p>\n<p>Outre son \u00e9poux, elle laisse dans le deuil ses filles Jade, \u00c9milie et Anne Coulombe; ses petites-filles, Louise et Claire; son fr\u00e8re Roch Corriveau et sa soeur Martine Corriveau (Philip Bond); ses beaux-fr\u00e8res et belles-s\u0153urs ainsi que de nombreux autres parents et amis<\/p>\n<p>La famille souhaite remercier le Dr. Peter Metrakos du CUSM, l&#8217;\u00e9quipe d&#8217;oncologie du CHRDL et l&#8217;\u00e9quipe de soins palliatifs, en particulier les Dr. Trahan et Veillette ainsi qu&#8217;Andr\u00e9anne pour leur accompagnement.<\/p>\n<p><strong>Une c\u00e9l\u00e9bration de la vie de Christiane aura lieu le 15 juin de 12h \u00e0 16h au <\/strong><\/p>\n<p style=\"text-align: center;\"><strong>Vignoble Saint-Thomas,<\/strong><\/p>\n<p style=\"text-align: center;\"><strong>1101, Rang Sud,<\/strong><\/p>\n<p style=\"text-align: center;\"><strong>Saint-Thomas, QC<\/strong><\/p>\n<p style=\"text-align: center;\"><strong>J0K 3L0<\/strong><\/p>\n<p>Au lieu de fleurs, vos t\u00e9moignages de sympathie peuvent se traduire par des dons \u00e0 la Fondation de la sant\u00e9 du nord de Lanaudi\u00e8re<strong>. <\/strong>https:\/\/votrefondation.org\/donner\/<\/p>\n<p>&nbsp;<\/p>\n<p><strong>L&#8217;Aquamation a eu lieu au Bio-Cr\u00e9matorium Le Sieur de Granby du\u00a0 <\/strong><strong>COMPLEXE FUN\u00c9RAIRE<\/strong> <strong>LE SIEUR, <\/strong><strong>t\u00e9l: 450-777-1414, <\/strong><strong>www.lesieur.ca\u00a0 \u00a0info@lesieur.ca, m<\/strong><strong>embre de la CTQ<\/strong><\/p>\n<p>&nbsp;<\/p>\n","protected":false},"excerpt":{"rendered":"<p>&nbsp; Entour\u00e9e des siens, \u00e0 St-Thomas, le 30 mai 2025, \u00e0 l&#8217;\u00e2ge de 65 ans, est d\u00e9c\u00e9d\u00e9e Mme Christiane Corriveau, \u00e9pouse de M. Gilles Coulombe et fille de feu Jacques Corriveau et feu Jacline\u00a0Goyette. Outre son \u00e9poux, elle laisse dans le deuil ses filles Jade, \u00c9milie et Anne Coulombe; ses petites-filles, Louise et Claire; son [&hellip;]<\/p>\n","protected":false},"author":8,"featured_media":19191,"comment_status":"closed","ping_status":"closed","sticky":false,"template":"","format":"standard","meta":{"_crdt_document":"","_jetpack_memberships_contains_paid_content":false,"footnotes":""},"categories":[97],"tags":[],"class_list":["post-19219","post","type-post","status-publish","format-standard","has-post-thumbnail","hentry","category-obituary"],"aioseo_notices":[],"jetpack_featured_media_url":"https:\/\/www.ja-lesieur.com\/wp-content\/uploads\/2025\/06\/Christiane-Corriveaucarre-scaled-e1748957890491.jpg","jetpack_sharing_enabled":true,"_links":{"self":[{"href":"https:\/\/www.ja-lesieur.com\/en\/wp-json\/wp\/v2\/posts\/19219","targetHints":{"allow":["GET"]}}],"collection":[{"href":"https:\/\/www.ja-lesieur.com\/en\/wp-json\/wp\/v2\/posts"}],"about":[{"href":"https:\/\/www.ja-lesieur.com\/en\/wp-json\/wp\/v2\/types\/post"}],"author":[{"embeddable":true,"href":"https:\/\/www.ja-lesieur.com\/en\/wp-json\/wp\/v2\/users\/8"}],"replies":[{"embeddable":true,"href":"https:\/\/www.ja-lesieur.com\/en\/wp-json\/wp\/v2\/comments?post=19219"}],"version-history":[{"count":0,"href":"https:\/\/www.ja-lesieur.com\/en\/wp-json\/wp\/v2\/posts\/19219\/revisions"}],"wp:featuredmedia":[{"embeddable":true,"href":"https:\/\/www.ja-lesieur.com\/en\/wp-json\/wp\/v2\/media\/19191"}],"wp:attachment":[{"href":"https:\/\/www.ja-lesieur.com\/en\/wp-json\/wp\/v2\/media?parent=19219"}],"wp:term":[{"taxonomy":"category","embeddable":true,"href":"https:\/\/www.ja-lesieur.com\/en\/wp-json\/wp\/v2\/categories?post=19219"},{"taxonomy":"post_tag","embeddable":true,"href":"https:\/\/www.ja-lesieur.com\/en\/wp-json\/wp\/v2\/tags?post=19219"}],"curies":[{"name":"wp","href":"https:\/\/api.w.org\/{rel}","templated":true}]}}