{"id":19234,"date":"2025-06-08T09:46:58","date_gmt":"2025-06-08T13:46:58","guid":{"rendered":"https:\/\/www.ja-lesieur.com\/monique-brault-1940-2025\/"},"modified":"2025-06-23T15:29:47","modified_gmt":"2025-06-23T19:29:47","slug":"monique-brault-1940-2025","status":"publish","type":"post","link":"https:\/\/www.ja-lesieur.com\/en\/monique-brault-1940-2025\/","title":{"rendered":"Monique Brault- 1940-2025"},"content":{"rendered":"<p>\u00c0 Granby, le 8 juin 2025, \u00e0 l&#8217;\u00e2ge de 85 ans, est d\u00e9c\u00e9d\u00e9e Mme Monique Brault, demeurant \u00e0 Granby.<\/p>\n<p>Elle laisse dans le deuil ses enfants: Nathalie Lasnier (Domenico Foglia), Fr\u00e9d\u00e9ric Lasnier (Isabelle Leboeuf), Lo\u00efc Lasnier (Marie-Chantal Gauthier), ses petits-enfants: J\u00e9r\u00e9my Lasnier, Lo\u00efka Lasnier (Fanny S\u00e9guin-Dub\u00e9), Vincent Lasnier (Ivana Santos Da Silva), Romy Lasnier (Xavier Daigneault), Astreo Foglia et Sophia Foglia, ses fr\u00e8res et s\u0153urs : Jean-Louis Brault (Lise Gendreault), Claire Brault (Edmond Perreault), le p\u00e8re de ses enfants: Jean-R\u00e9al Lasnier ainsi que plusieurs neveux, ni\u00e8ces, autres parents et ami(e)s.<\/p>\n<p><strong>L&#8217;Aquamation a eu lieu au Bio-Cr\u00e9matorium Le Sieur de Granby.<\/strong><\/p>\n<p><strong>La famille recevra les t\u00e9moignages de sympathie \u00e0 compter de midi, le lundi 23 juin 2025, journ\u00e9e de la c\u00e9r\u00e9monie au Complexe Fun\u00e9raire Le Sieur:<\/strong><\/p>\n<p style=\"text-align: center;\"><strong>COMPLEXE FUN\u00c9RAIRE<\/strong><\/p>\n<p style=\"text-align: center;\"><strong>LESIEUR<\/strong><\/p>\n<p style=\"text-align: center;\"><strong>60 Boul. Pie IX, Granby, Qc,<\/strong><\/p>\n<p style=\"text-align: center;\"><strong>t\u00e9l: 450-777-1414 t\u00e9lec: 450-777-0999<\/strong><\/p>\n<p style=\"text-align: center;\"><strong>www.lesieur.ca &#8211; info@lesieur.ca<\/strong><\/p>\n<p style=\"text-align: center;\"><strong>Membre de la CTQ<\/strong><\/p>\n<p>L\u2019Hommage \u00e0 la Vie aura lieu ce m\u00eame lundi \u00e0 14 heures, en la Chapelle Le Sieur, suivi de l\u2019inhumation au Cimeti\u00e8re de Cowansville \u00e0 une date ult\u00e9rieure.<\/p>\n<p>Vos marques de sympathie peuvent se traduire par un don \u00e0 la Fondation du Centre Hospitalier de Granby<strong> https:\/\/fondationchg.org\/<\/strong><\/p>\n<p>La famille d\u00e9sire remercier le personnel des soins intensifs et palliatifs du CHG pour les bons soins prodigu\u00e9s \u00e0 Mme Brault durant son s\u00e9jour parmi eux.<\/p>\n<p>Pour visualiser la c\u00e9r\u00e9monie cliquer sur le lien:<\/p>\n<p><iframe loading=\"lazy\" title=\"C\u00e9r\u00e9monie fun\u00e9raire de Mme Monique Brault\" width=\"1170\" height=\"658\" src=\"https:\/\/www.youtube.com\/embed\/d-lBuBjJltU?feature=oembed\" frameborder=\"0\" allow=\"accelerometer; autoplay; clipboard-write; encrypted-media; gyroscope; picture-in-picture; web-share\" referrerpolicy=\"strict-origin-when-cross-origin\" allowfullscreen><\/iframe><\/p>\n<p>&nbsp;<\/p>\n<p>&nbsp;<\/p>\n","protected":false},"excerpt":{"rendered":"<p>\u00c0 Granby, le 8 juin 2025, \u00e0 l&#8217;\u00e2ge de 85 ans, est d\u00e9c\u00e9d\u00e9e Mme Monique Brault, demeurant \u00e0 Granby. Elle laisse dans le deuil ses enfants: Nathalie Lasnier (Domenico Foglia), Fr\u00e9d\u00e9ric Lasnier (Isabelle Leboeuf), Lo\u00efc Lasnier (Marie-Chantal Gauthier), ses petits-enfants: J\u00e9r\u00e9my Lasnier, Lo\u00efka Lasnier (Fanny S\u00e9guin-Dub\u00e9), Vincent Lasnier (Ivana Santos Da Silva), Romy Lasnier (Xavier [&hellip;]<\/p>\n","protected":false},"author":1,"featured_media":19232,"comment_status":"closed","ping_status":"closed","sticky":false,"template":"","format":"standard","meta":{"_crdt_document":"","_jetpack_memberships_contains_paid_content":false,"footnotes":""},"categories":[97],"tags":[],"class_list":["post-19234","post","type-post","status-publish","format-standard","has-post-thumbnail","hentry","category-obituary"],"aioseo_notices":[],"jetpack_featured_media_url":"https:\/\/www.ja-lesieur.com\/wp-content\/uploads\/2025\/06\/Monique-Brault-carre-scaled-e1749563205250.jpg","jetpack_sharing_enabled":true,"_links":{"self":[{"href":"https:\/\/www.ja-lesieur.com\/en\/wp-json\/wp\/v2\/posts\/19234","targetHints":{"allow":["GET"]}}],"collection":[{"href":"https:\/\/www.ja-lesieur.com\/en\/wp-json\/wp\/v2\/posts"}],"about":[{"href":"https:\/\/www.ja-lesieur.com\/en\/wp-json\/wp\/v2\/types\/post"}],"author":[{"embeddable":true,"href":"https:\/\/www.ja-lesieur.com\/en\/wp-json\/wp\/v2\/users\/1"}],"replies":[{"embeddable":true,"href":"https:\/\/www.ja-lesieur.com\/en\/wp-json\/wp\/v2\/comments?post=19234"}],"version-history":[{"count":3,"href":"https:\/\/www.ja-lesieur.com\/en\/wp-json\/wp\/v2\/posts\/19234\/revisions"}],"predecessor-version":[{"id":19329,"href":"https:\/\/www.ja-lesieur.com\/en\/wp-json\/wp\/v2\/posts\/19234\/revisions\/19329"}],"wp:featuredmedia":[{"embeddable":true,"href":"https:\/\/www.ja-lesieur.com\/en\/wp-json\/wp\/v2\/media\/19232"}],"wp:attachment":[{"href":"https:\/\/www.ja-lesieur.com\/en\/wp-json\/wp\/v2\/media?parent=19234"}],"wp:term":[{"taxonomy":"category","embeddable":true,"href":"https:\/\/www.ja-lesieur.com\/en\/wp-json\/wp\/v2\/categories?post=19234"},{"taxonomy":"post_tag","embeddable":true,"href":"https:\/\/www.ja-lesieur.com\/en\/wp-json\/wp\/v2\/tags?post=19234"}],"curies":[{"name":"wp","href":"https:\/\/api.w.org\/{rel}","templated":true}]}}