{"id":19287,"date":"2025-06-04T15:13:46","date_gmt":"2025-06-04T19:13:46","guid":{"rendered":"https:\/\/www.ja-lesieur.com\/francine-gravel-1950-2025\/"},"modified":"2025-06-18T15:14:18","modified_gmt":"2025-06-18T19:14:18","slug":"francine-gravel-1950-2025","status":"publish","type":"post","link":"https:\/\/www.ja-lesieur.com\/en\/francine-gravel-1950-2025\/","title":{"rendered":"Francine Gravel 1950-2025"},"content":{"rendered":"<p>\u00c0 Blainville, le 4 juin 2025, \u00e0 l&#8217;\u00e2ge de 74 ans, est d\u00e9c\u00e9d\u00e9e Mme Francine Gravel, demeurant \u00e0 Mirabel.<\/p>\n<p>Elle laisse dans le deuil ses fils; Maxime et Robert, sa petite-fille, ses deux s\u0153urs; Diane et Madeleine ainsi que plusieurs autres parents et amis.<\/p>\n<p>&nbsp;<\/p>\n<p><strong>L&#8217;Aquamation a eu lieu au Bio-Cr\u00e9matorium Le Sieur de Granby.<\/strong><\/p>\n<p><strong>COMPLEXE FUN\u00c9RAIRE<\/strong><\/p>\n<p><strong>LESIEUR<\/strong><\/p>\n<p><strong>60 Boul. Pie IX, Granby, Qc,<\/strong><\/p>\n<p><strong>t\u00e9l: 450-777-1414 t\u00e9lec: 450-777-0999<\/strong><\/p>\n<p><strong>www.lesieur.ca &#8211; info@lesieur.ca<\/strong><\/p>\n<p><strong>Membre de la CTQ<\/strong><\/p>\n<p>&nbsp;<\/p>\n<p>Afin de respecter les derni\u00e8res volont\u00e9s de Mme Francine Gravel, il n&#8217;y aura pas d&#8217;exposition. Une r\u00e9union intime a eu lieu pour la dispersion de ses cendres en pleine nature.<\/p>\n<p>&nbsp;<\/p>\n","protected":false},"excerpt":{"rendered":"<p>\u00c0 Blainville, le 4 juin 2025, \u00e0 l&#8217;\u00e2ge de 74 ans, est d\u00e9c\u00e9d\u00e9e Mme Francine Gravel, demeurant \u00e0 Mirabel. Elle laisse dans le deuil ses fils; Maxime et Robert, sa petite-fille, ses deux s\u0153urs; Diane et Madeleine ainsi que plusieurs autres parents et amis. &nbsp; L&#8217;Aquamation a eu lieu au Bio-Cr\u00e9matorium Le Sieur de Granby. [&hellip;]<\/p>\n","protected":false},"author":1,"featured_media":19285,"comment_status":"closed","ping_status":"closed","sticky":false,"template":"","format":"standard","meta":{"_crdt_document":"","_jetpack_memberships_contains_paid_content":false,"footnotes":""},"categories":[97],"tags":[],"class_list":["post-19287","post","type-post","status-publish","format-standard","has-post-thumbnail","hentry","category-obituary"],"aioseo_notices":[],"jetpack_featured_media_url":"https:\/\/www.ja-lesieur.com\/wp-content\/uploads\/2025\/06\/Francine-Gravel-carre-e1750274003553.jpg","jetpack_sharing_enabled":true,"_links":{"self":[{"href":"https:\/\/www.ja-lesieur.com\/en\/wp-json\/wp\/v2\/posts\/19287","targetHints":{"allow":["GET"]}}],"collection":[{"href":"https:\/\/www.ja-lesieur.com\/en\/wp-json\/wp\/v2\/posts"}],"about":[{"href":"https:\/\/www.ja-lesieur.com\/en\/wp-json\/wp\/v2\/types\/post"}],"author":[{"embeddable":true,"href":"https:\/\/www.ja-lesieur.com\/en\/wp-json\/wp\/v2\/users\/1"}],"replies":[{"embeddable":true,"href":"https:\/\/www.ja-lesieur.com\/en\/wp-json\/wp\/v2\/comments?post=19287"}],"version-history":[{"count":1,"href":"https:\/\/www.ja-lesieur.com\/en\/wp-json\/wp\/v2\/posts\/19287\/revisions"}],"predecessor-version":[{"id":19288,"href":"https:\/\/www.ja-lesieur.com\/en\/wp-json\/wp\/v2\/posts\/19287\/revisions\/19288"}],"wp:featuredmedia":[{"embeddable":true,"href":"https:\/\/www.ja-lesieur.com\/en\/wp-json\/wp\/v2\/media\/19285"}],"wp:attachment":[{"href":"https:\/\/www.ja-lesieur.com\/en\/wp-json\/wp\/v2\/media?parent=19287"}],"wp:term":[{"taxonomy":"category","embeddable":true,"href":"https:\/\/www.ja-lesieur.com\/en\/wp-json\/wp\/v2\/categories?post=19287"},{"taxonomy":"post_tag","embeddable":true,"href":"https:\/\/www.ja-lesieur.com\/en\/wp-json\/wp\/v2\/tags?post=19287"}],"curies":[{"name":"wp","href":"https:\/\/api.w.org\/{rel}","templated":true}]}}