{"id":19321,"date":"2025-06-20T09:32:48","date_gmt":"2025-06-20T13:32:48","guid":{"rendered":"https:\/\/www.ja-lesieur.com\/m-gilles-st-laurent-1940-2025\/"},"modified":"2025-06-30T10:01:00","modified_gmt":"2025-06-30T14:01:00","slug":"m-gilles-st-laurent-1940-2025","status":"publish","type":"post","link":"https:\/\/www.ja-lesieur.com\/en\/m-gilles-st-laurent-1940-2025\/","title":{"rendered":"M. Gilles St-Laurent 1940-2025"},"content":{"rendered":"<p>&nbsp;<\/p>\n<p>\u00c0 Granby, le 20 juin 2025, \u00e0 l&#8217;\u00e2ge de 84 ans, est d\u00e9c\u00e9d\u00e9 M. Gilles St-Laurent, demeurant \u00e0 Granby.<\/p>\n<p>Il laisse dans le deuil son fr\u00e8re Ernest St-Laurent (Jeannine) ses ni\u00e8ces Sylvie St-Laurent (Diane Paquette), Marise (Bruno Caron) et ses enfants: Am\u00e9lie et Maxime, autres parent et amis.<\/p>\n<p><strong>La famille vous accueillera le samedi 28 juin, \u00e0 compter de 9 heures au <\/strong><\/p>\n<p style=\"text-align: center;\"><strong>COMPLEXE FUN\u00c9RAIRE <\/strong><strong>LE SIEUR<\/strong><\/p>\n<p style=\"text-align: center;\"><strong>60 Boul. Pie IX, Granby, Qc,<\/strong><\/p>\n<p style=\"text-align: center;\"><strong>t\u00e9l: 450-777-1414<\/strong><\/p>\n<p style=\"text-align: center;\"><strong>www.lesieur.ca &#8211; info@lesieur.ca<\/strong><\/p>\n<p style=\"text-align: center;\"><strong>Membre de la CTQ<\/strong><\/p>\n<p><strong>\u00a0<\/strong><strong>Les fun\u00e9railles seront c\u00e9l\u00e9br\u00e9es en la Chapelle Le Sieur \u00e0 11 heures. L\u2019inhumation suivra au cimeti\u00e8re Mgr Pelletier.<\/strong><\/p>\n<p>Vos marques de sympathie peuvent se traduire par un don \u00e0 la <strong><a href=\"https:\/\/fondationchg.org\/donnez\">Fondation du Centre hospitalier de Granby<\/a><\/strong><\/p>\n<p><a href=\"https:\/\/fondationchg.org\/donnez\"><strong>\u00a0https:\/\/fondationchg.org\/donnez<\/strong><\/a><\/p>\n<p>La famille tient \u00e0 remercier les membres du Centre Hospitalier de Granby pour l&#8217;accompagnement offert et les soins prodigu\u00e9s.<\/p>\n<p>&nbsp;<\/p>\n<p>Pour visionner la c\u00e9r\u00e9monie, cliquez sur le lien suivant : <a href=\"https:\/\/www.youtube.com\/watch?v=JHE0FOioj4M\">https:\/\/youtu.be\/JHE0FOioj4M<\/a><\/p>\n","protected":false},"excerpt":{"rendered":"<p>&nbsp; \u00c0 Granby, le 20 juin 2025, \u00e0 l&#8217;\u00e2ge de 84 ans, est d\u00e9c\u00e9d\u00e9 M. Gilles St-Laurent, demeurant \u00e0 Granby. Il laisse dans le deuil son fr\u00e8re Ernest St-Laurent (Jeannine) ses ni\u00e8ces Sylvie St-Laurent (Diane Paquette), Marise (Bruno Caron) et ses enfants: Am\u00e9lie et Maxime, autres parent et amis. La famille vous accueillera le samedi [&hellip;]<\/p>\n","protected":false},"author":8,"featured_media":19318,"comment_status":"closed","ping_status":"closed","sticky":false,"template":"","format":"standard","meta":{"_crdt_document":"","_jetpack_memberships_contains_paid_content":false,"footnotes":""},"categories":[97],"tags":[],"class_list":["post-19321","post","type-post","status-publish","format-standard","has-post-thumbnail","hentry","category-obituary"],"aioseo_notices":[],"jetpack_featured_media_url":"https:\/\/www.ja-lesieur.com\/wp-content\/uploads\/2025\/06\/Gilles-St-Laurent-carre-1-e1750701335474.jpg","jetpack_sharing_enabled":true,"_links":{"self":[{"href":"https:\/\/www.ja-lesieur.com\/en\/wp-json\/wp\/v2\/posts\/19321","targetHints":{"allow":["GET"]}}],"collection":[{"href":"https:\/\/www.ja-lesieur.com\/en\/wp-json\/wp\/v2\/posts"}],"about":[{"href":"https:\/\/www.ja-lesieur.com\/en\/wp-json\/wp\/v2\/types\/post"}],"author":[{"embeddable":true,"href":"https:\/\/www.ja-lesieur.com\/en\/wp-json\/wp\/v2\/users\/8"}],"replies":[{"embeddable":true,"href":"https:\/\/www.ja-lesieur.com\/en\/wp-json\/wp\/v2\/comments?post=19321"}],"version-history":[{"count":3,"href":"https:\/\/www.ja-lesieur.com\/en\/wp-json\/wp\/v2\/posts\/19321\/revisions"}],"predecessor-version":[{"id":19340,"href":"https:\/\/www.ja-lesieur.com\/en\/wp-json\/wp\/v2\/posts\/19321\/revisions\/19340"}],"wp:featuredmedia":[{"embeddable":true,"href":"https:\/\/www.ja-lesieur.com\/en\/wp-json\/wp\/v2\/media\/19318"}],"wp:attachment":[{"href":"https:\/\/www.ja-lesieur.com\/en\/wp-json\/wp\/v2\/media?parent=19321"}],"wp:term":[{"taxonomy":"category","embeddable":true,"href":"https:\/\/www.ja-lesieur.com\/en\/wp-json\/wp\/v2\/categories?post=19321"},{"taxonomy":"post_tag","embeddable":true,"href":"https:\/\/www.ja-lesieur.com\/en\/wp-json\/wp\/v2\/tags?post=19321"}],"curies":[{"name":"wp","href":"https:\/\/api.w.org\/{rel}","templated":true}]}}