{"id":19860,"date":"2025-09-02T15:54:54","date_gmt":"2025-09-02T19:54:54","guid":{"rendered":"https:\/\/www.ja-lesieur.com\/claudine-trudel-1954-2025\/"},"modified":"2025-09-12T15:55:19","modified_gmt":"2025-09-12T19:55:19","slug":"claudine-trudel-1954-2025","status":"publish","type":"post","link":"https:\/\/www.ja-lesieur.com\/en\/claudine-trudel-1954-2025\/","title":{"rendered":"Claudine Trudel 1954-2025"},"content":{"rendered":"<p>C\u2019est avec une profonde tristesse que nous annon\u00e7ons le d\u00e9c\u00e8s de Claudine Trudel, n\u00e9e le 6\u00a0f\u00e9vrier 1954 \u00e0 Montr\u00e9al (QC), et d\u00e9c\u00e9d\u00e9e paisiblement le 2\u00a0septembre 2025 \u00e0 l\u2019Assomption (QC), \u00e0 l\u2019\u00e2ge de 71\u00a0ans.<\/p>\n<p>Elle laisse dans le deuil sa fille unique bien aim\u00e9e, Josianne, le mari de cette derni\u00e8re et sa famille, ses petits-fils Tommy et William, ainsi que son arri\u00e8re-petit-fils Nicolas-James.<\/p>\n<p>Sa vie aura \u00e9t\u00e9 un long fleuve tranquille parsem\u00e9e de petits plaisirs simples. Son sourire illuminait une pi\u00e8ce. Elle \u00e9tait fi\u00e8re de sa fille, de sa loyaut\u00e9 professionnelle, d\u2019\u00eatre ind\u00e9pendante et d\u00e9brouillarde. Son adage favori \u00e9tait : \u00ab on n\u2019est jamais mieux servi que par soi-m\u00eame \u00bb (\u00c9tienne).<\/p>\n<p>On se souviendra que \u00ab mamy-chat \u00bb aimait tricoter des cadeaux, lire, \u00e9couter de la musique francophone, la cuisine r\u00e9confortante, red\u00e9corer son logis souvent, se servir de ses outils et les chats. Elle \u00e9tait affectueuse et avait beaucoup d\u2019humour.<\/p>\n<p><strong>Une c\u00e9r\u00e9monie priv\u00e9e aura lieu \u00e0 une date ult\u00e9rieure.<\/strong><\/p>\n<p><strong>L&#8217;Aquamation a eu lieu au Bio-Cr\u00e9matorium Le Sieur de Granby.<\/strong><\/p>\n<p style=\"text-align: center;\"><strong>COMPLEXE FUN\u00c9RAIRE<\/strong><\/p>\n<p style=\"text-align: center;\"><strong>LESIEUR<\/strong><\/p>\n<p style=\"text-align: center;\"><strong>60 Boul. Pie IX, Granby, Qc,<\/strong><\/p>\n<p style=\"text-align: center;\"><strong>t\u00e9l: 450-777-1414 t\u00e9lec: 450-777-0999<\/strong><\/p>\n<p style=\"text-align: center;\"><strong>www.lesieur.ca &#8211; info@lesieur.ca<\/strong><\/p>\n<p style=\"text-align: center;\"><strong>Membre de la CTQ<\/strong><\/p>\n<p>En guise de t\u00e9moignage, des dons peuvent \u00eatre faits \u00e0 la Soci\u00e9t\u00e9 pour la pr\u00e9vention de la cruaut\u00e9 envers les animaux <a href=\"https:\/\/www.spca.com\/sos-clinique\/\">SOS Clinique &#8211; SPCA de Montr\u00e9al<\/a><\/p>\n<p>&nbsp;<\/p>\n","protected":false},"excerpt":{"rendered":"<p>C\u2019est avec une profonde tristesse que nous annon\u00e7ons le d\u00e9c\u00e8s de Claudine Trudel, n\u00e9e le 6\u00a0f\u00e9vrier 1954 \u00e0 Montr\u00e9al (QC), et d\u00e9c\u00e9d\u00e9e paisiblement le 2\u00a0septembre 2025 \u00e0 l\u2019Assomption (QC), \u00e0 l\u2019\u00e2ge de 71\u00a0ans. Elle laisse dans le deuil sa fille unique bien aim\u00e9e, Josianne, le mari de cette derni\u00e8re et sa famille, ses petits-fils Tommy [&hellip;]<\/p>\n","protected":false},"author":1,"featured_media":19858,"comment_status":"closed","ping_status":"closed","sticky":false,"template":"","format":"standard","meta":{"_crdt_document":"","_jetpack_memberships_contains_paid_content":false,"footnotes":""},"categories":[97],"tags":[],"class_list":["post-19860","post","type-post","status-publish","format-standard","has-post-thumbnail","hentry","category-obituary"],"aioseo_notices":[],"jetpack_featured_media_url":"https:\/\/www.ja-lesieur.com\/wp-content\/uploads\/2025\/09\/claudine-trudel-carre-complexe-funeraire-lesieur-des-services-complets-scaled-e1757706877691.jpg","jetpack_sharing_enabled":true,"_links":{"self":[{"href":"https:\/\/www.ja-lesieur.com\/en\/wp-json\/wp\/v2\/posts\/19860","targetHints":{"allow":["GET"]}}],"collection":[{"href":"https:\/\/www.ja-lesieur.com\/en\/wp-json\/wp\/v2\/posts"}],"about":[{"href":"https:\/\/www.ja-lesieur.com\/en\/wp-json\/wp\/v2\/types\/post"}],"author":[{"embeddable":true,"href":"https:\/\/www.ja-lesieur.com\/en\/wp-json\/wp\/v2\/users\/1"}],"replies":[{"embeddable":true,"href":"https:\/\/www.ja-lesieur.com\/en\/wp-json\/wp\/v2\/comments?post=19860"}],"version-history":[{"count":1,"href":"https:\/\/www.ja-lesieur.com\/en\/wp-json\/wp\/v2\/posts\/19860\/revisions"}],"predecessor-version":[{"id":19861,"href":"https:\/\/www.ja-lesieur.com\/en\/wp-json\/wp\/v2\/posts\/19860\/revisions\/19861"}],"wp:featuredmedia":[{"embeddable":true,"href":"https:\/\/www.ja-lesieur.com\/en\/wp-json\/wp\/v2\/media\/19858"}],"wp:attachment":[{"href":"https:\/\/www.ja-lesieur.com\/en\/wp-json\/wp\/v2\/media?parent=19860"}],"wp:term":[{"taxonomy":"category","embeddable":true,"href":"https:\/\/www.ja-lesieur.com\/en\/wp-json\/wp\/v2\/categories?post=19860"},{"taxonomy":"post_tag","embeddable":true,"href":"https:\/\/www.ja-lesieur.com\/en\/wp-json\/wp\/v2\/tags?post=19860"}],"curies":[{"name":"wp","href":"https:\/\/api.w.org\/{rel}","templated":true}]}}