{"id":19866,"date":"2025-09-10T10:20:45","date_gmt":"2025-09-10T14:20:45","guid":{"rendered":"https:\/\/www.ja-lesieur.com\/mme-jeanne-darc-gagne-st-laurent-1945-2025\/"},"modified":"2025-09-10T10:20:45","modified_gmt":"2025-09-10T14:20:45","slug":"mme-jeanne-darc-gagne-st-laurent-1945-2025","status":"publish","type":"post","link":"https:\/\/www.ja-lesieur.com\/en\/mme-jeanne-darc-gagne-st-laurent-1945-2025\/","title":{"rendered":"Mme Jeanne-D&#8217;Arc Gagn\u00e9-St-Laurent  1945-2025"},"content":{"rendered":"<p>Subitement, \u00e0 l\u2019h\u00f4pital Pierre-Boucher, le 10 septembre 2025, \u00e0 l&#8217;\u00e2ge de 80 ans, est d\u00e9c\u00e9d\u00e9e Mme Jeanne-D&#8217;Arc St-Laurent, n\u00e9e Gagn\u00e9, \u00e9pouse de Patrice St-Laurent, demeurant \u00e0 Sainte-Julie.<\/p>\n<p>Outre son \u00e9poux Patrice, elle laisse dans le deuil ses enfants: Sylvie St-Laurent (Claude St-Cyr) et Chantal St-Laurent; ses petits-enfants: Simon St-Cyr (Chlo\u00e9 Croteau-Raymond), \u00c9ric St-Cyr (Caroline Pelletier) et Martin St-Cyr (Fr\u00e9d\u00e9rique Boucher-Caron); ses arri\u00e8re-petits-enfants: Arthur, Benjamin, Sophie, Justin, Am\u00e9lie et Malhik. Elle \u00e9tait la s\u0153ur de: feu Jean-Ren\u00e9 Gagn\u00e9 (feu Ir\u00e8ne Turgeon), Jules Gagn\u00e9 (feu Lisette Jones, feu Ren\u00e9e-Jeanne Blanchette), H\u00e9liette Gagn\u00e9 (Romuald Paquet) et la belle-s\u0153ur de feu Armandine St-Laurent (feu Bernard Niquette). Elle laisse \u00e9galement son beau- fr\u00e8re: Iren\u00e9 St-Laurent (Micheline Paquet) ainsi que plusieurs neveux, ni\u00e8ces, autres parents et de nombreux amis.<\/p>\n<p>Afin de respecter les volont\u00e9s de Mme St-Laurent (Gagn\u00e9), une c\u00e9r\u00e9monie aura lieu au cimeti\u00e8re de Saint-Zacharie \u00e0 une date ult\u00e9rieure.<\/p>\n<p><strong>L&#8217;Aquamation a eu lieu au Bio-Cr\u00e9matorium du:<\/strong><\/p>\n<p style=\"text-align: center;\"><strong>COMPLEXE FUN\u00c9RAIRE<\/strong><\/p>\n<p style=\"text-align: center;\"><strong>LE SIEUR<\/strong><\/p>\n<p style=\"text-align: center;\"><strong>60 Boul. Pie-IX, Granby, Qc,<\/strong><\/p>\n<p style=\"text-align: center;\"><strong>t\u00e9l: 450-777-1414 t\u00e9lec: 450-777-0999<\/strong><\/p>\n<p style=\"text-align: center;\"><strong>www.lesieur.ca &#8211; info@lesieur.ca<\/strong><\/p>\n<p style=\"text-align: center;\"><strong>Membre de la CTQ<\/strong><\/p>\n","protected":false},"excerpt":{"rendered":"<p>Subitement, \u00e0 l\u2019h\u00f4pital Pierre-Boucher, le 10 septembre 2025, \u00e0 l&#8217;\u00e2ge de 80 ans, est d\u00e9c\u00e9d\u00e9e Mme Jeanne-D&#8217;Arc St-Laurent, n\u00e9e Gagn\u00e9, \u00e9pouse de Patrice St-Laurent, demeurant \u00e0 Sainte-Julie. Outre son \u00e9poux Patrice, elle laisse dans le deuil ses enfants: Sylvie St-Laurent (Claude St-Cyr) et Chantal St-Laurent; ses petits-enfants: Simon St-Cyr (Chlo\u00e9 Croteau-Raymond), \u00c9ric St-Cyr (Caroline Pelletier) [&hellip;]<\/p>\n","protected":false},"author":1,"featured_media":19864,"comment_status":"closed","ping_status":"closed","sticky":false,"template":"","format":"standard","meta":{"_crdt_document":"","_jetpack_memberships_contains_paid_content":false,"footnotes":""},"categories":[97],"tags":[],"class_list":["post-19866","post","type-post","status-publish","format-standard","has-post-thumbnail","hentry","category-obituary"],"aioseo_notices":[],"jetpack_featured_media_url":"https:\/\/www.ja-lesieur.com\/wp-content\/uploads\/2025\/09\/jeanne-darc-gagne-carre-complexe-funeraire-lesieur-des-services-complets-e1757773396513.jpg","jetpack_sharing_enabled":true,"_links":{"self":[{"href":"https:\/\/www.ja-lesieur.com\/en\/wp-json\/wp\/v2\/posts\/19866","targetHints":{"allow":["GET"]}}],"collection":[{"href":"https:\/\/www.ja-lesieur.com\/en\/wp-json\/wp\/v2\/posts"}],"about":[{"href":"https:\/\/www.ja-lesieur.com\/en\/wp-json\/wp\/v2\/types\/post"}],"author":[{"embeddable":true,"href":"https:\/\/www.ja-lesieur.com\/en\/wp-json\/wp\/v2\/users\/1"}],"replies":[{"embeddable":true,"href":"https:\/\/www.ja-lesieur.com\/en\/wp-json\/wp\/v2\/comments?post=19866"}],"version-history":[{"count":0,"href":"https:\/\/www.ja-lesieur.com\/en\/wp-json\/wp\/v2\/posts\/19866\/revisions"}],"wp:featuredmedia":[{"embeddable":true,"href":"https:\/\/www.ja-lesieur.com\/en\/wp-json\/wp\/v2\/media\/19864"}],"wp:attachment":[{"href":"https:\/\/www.ja-lesieur.com\/en\/wp-json\/wp\/v2\/media?parent=19866"}],"wp:term":[{"taxonomy":"category","embeddable":true,"href":"https:\/\/www.ja-lesieur.com\/en\/wp-json\/wp\/v2\/categories?post=19866"},{"taxonomy":"post_tag","embeddable":true,"href":"https:\/\/www.ja-lesieur.com\/en\/wp-json\/wp\/v2\/tags?post=19866"}],"curies":[{"name":"wp","href":"https:\/\/api.w.org\/{rel}","templated":true}]}}