{"id":19886,"date":"2025-09-14T10:32:35","date_gmt":"2025-09-14T14:32:35","guid":{"rendered":"https:\/\/www.ja-lesieur.com\/dr-jean-lapierre-1940-2025\/"},"modified":"2025-09-14T10:32:35","modified_gmt":"2025-09-14T14:32:35","slug":"dr-jean-lapierre-1940-2025","status":"publish","type":"post","link":"https:\/\/www.ja-lesieur.com\/en\/dr-jean-lapierre-1940-2025\/","title":{"rendered":"Dr. Jean Lapierre 1940-2025"},"content":{"rendered":"<p>&nbsp;<\/p>\n<p>\u00c0\u00a0 Montr\u00e9al, le 14 septembre 2025, \u00e0 l&#8217;\u00e2ge de 85 ans, est d\u00e9c\u00e9d\u00e9 le Dr. Jean Lapierre \u00e0 Montr\u00e9al.<\/p>\n<p>Il laisse dans le deuil\u00a0sa conjointe, Mme Pauline Ouellet, ses enfants, Laurent (Adrienne), J\u00e9r\u00f4me (\u00c9lyse) et Nicolas (Pia), ses petits-enfants, Jos\u00e9phine, Am\u00e9lie, Aline et Madeleine, ses fr\u00e8res, Yves et Andr\u00e9, ses neveux et ni\u00e8ces, la fille et les petits-enfants de Pauline, Fanny (Rapha\u00ebl), \u00c9tienne et Eug\u00e9nie, ainsi que de nombreux autres parents et amis.<\/p>\n<p><strong>L&#8217;Aquamation a eu lieu au Bio-Cr\u00e9matorium Le Sieur de Granby.<\/strong><\/p>\n<p><strong>La famille lui rendra hommage le 28 septembre 2025, de 14 heures \u00e0 18 heures au <\/strong><\/p>\n<p style=\"text-align: center;\"><strong>Centre fun\u00e9raire C\u00f4te-des-Neiges <\/strong><\/p>\n<p style=\"text-align: center;\"><strong>4525 ch. de la C\u00f4te-des-Neiges\u00a0<\/strong><\/p>\n<p style=\"text-align: center;\"><strong>Montr\u00e9al, H3V 1E7<\/strong><\/p>\n<p>&nbsp;<\/p>\n<p>La famille tient \u00e0 remercier les membres du personnel du CHSLD St-Georges pour l\u2019accompagnement offert et les soins prodigu\u00e9s.<\/p>\n<p><strong>\u00a0<\/strong><\/p>\n<p style=\"text-align: center;\"><strong>COMPLEXE FUN\u00c9RAIRE<\/strong><\/p>\n<p style=\"text-align: center;\"><strong>LESIEUR<\/strong><\/p>\n<p style=\"text-align: center;\"><strong>t\u00e9l: 450-777-1414<\/strong><\/p>\n<p style=\"text-align: center;\"><strong>www.lesieur.ca &#8211; info@lesieur.ca<\/strong><\/p>\n<p style=\"text-align: center;\"><strong>Membre de la CTQ<\/strong><\/p>\n","protected":false},"excerpt":{"rendered":"<p>&nbsp; \u00c0\u00a0 Montr\u00e9al, le 14 septembre 2025, \u00e0 l&#8217;\u00e2ge de 85 ans, est d\u00e9c\u00e9d\u00e9 le Dr. Jean Lapierre \u00e0 Montr\u00e9al. Il laisse dans le deuil\u00a0sa conjointe, Mme Pauline Ouellet, ses enfants, Laurent (Adrienne), J\u00e9r\u00f4me (\u00c9lyse) et Nicolas (Pia), ses petits-enfants, Jos\u00e9phine, Am\u00e9lie, Aline et Madeleine, ses fr\u00e8res, Yves et Andr\u00e9, ses neveux et ni\u00e8ces, la [&hellip;]<\/p>\n","protected":false},"author":8,"featured_media":19883,"comment_status":"closed","ping_status":"closed","sticky":false,"template":"","format":"standard","meta":{"_jetpack_newsletter_access":"","_jetpack_dont_email_post_to_subs":false,"_jetpack_newsletter_tier_id":0,"_jetpack_memberships_contains_paywalled_content":false,"_jetpack_memberships_contains_paid_content":false,"footnotes":""},"categories":[97],"tags":[],"class_list":["post-19886","post","type-post","status-publish","format-standard","has-post-thumbnail","hentry","category-obituary"],"aioseo_notices":[],"aioseo_head":"\n\t\t<!-- All in One SEO 5.0.1.1 - aioseo.com -->\n\t<meta name=\"robots\" content=\"max-image-preview:large\" \/>\n\t<meta name=\"author\" content=\"Martine Loignon\"\/>\n\t<link rel=\"canonical\" href=\"https:\/\/www.ja-lesieur.com\/en\/dr-jean-lapierre-1940-2025\/\" \/>\n\t<meta name=\"generator\" content=\"All in One SEO (AIOSEO) 5.0.1.1\" \/>\n\t\t<meta property=\"og:locale\" content=\"en_US\" \/>\n\t\t<meta property=\"og:site_name\" content=\"Funeral Complex LeSieur comprehensive services | ja-lesieur.com\" \/>\n\t\t<meta property=\"og:type\" content=\"article\" \/>\n\t\t<meta property=\"og:title\" content=\"Dr. Jean Lapierre 1940-2025 | Funeral Complex LeSieur comprehensive services\" \/>\n\t\t<meta property=\"og:url\" content=\"https:\/\/www.ja-lesieur.com\/en\/dr-jean-lapierre-1940-2025\/\" \/>\n\t\t<meta property=\"article:published_time\" content=\"2025-09-14T14:32:35+00:00\" \/>\n\t\t<meta property=\"article:modified_time\" content=\"2025-09-14T14:32:35+00:00\" \/>\n\t\t<script type=\"application\/ld+json\" class=\"aioseo-schema\">\n\t\t\t{\"@context\":\"https:\\\/\\\/schema.org\",\"@graph\":[{\"@type\":\"Article\",\"@id\":\"https:\\\/\\\/www.ja-lesieur.com\\\/en\\\/dr-jean-lapierre-1940-2025\\\/#article\",\"name\":\"Dr. Jean Lapierre 1940-2025 | Funeral Complex LeSieur comprehensive services\",\"headline\":\"Dr. Jean Lapierre 1940-2025\",\"author\":{\"@id\":\"https:\\\/\\\/www.ja-lesieur.com\\\/en\\\/author\\\/martinelesieur-ca\\\/#author\"},\"publisher\":{\"@id\":\"https:\\\/\\\/www.ja-lesieur.com\\\/en\\\/#organization\"},\"image\":{\"@type\":\"ImageObject\",\"url\":\"https:\\\/\\\/www.ja-lesieur.com\\\/wp-content\\\/uploads\\\/2025\\\/09\\\/jean-lapierre-carree-complexe-funeraire-lesieur-des-services-complets-e1758206187180.jpg\",\"width\":885,\"height\":885},\"datePublished\":\"2025-09-14T10:32:35-04:00\",\"dateModified\":\"2025-09-14T10:32:35-04:00\",\"inLanguage\":\"en-US\",\"mainEntityOfPage\":{\"@id\":\"https:\\\/\\\/www.ja-lesieur.com\\\/en\\\/dr-jean-lapierre-1940-2025\\\/#webpage\"},\"isPartOf\":{\"@id\":\"https:\\\/\\\/www.ja-lesieur.com\\\/en\\\/dr-jean-lapierre-1940-2025\\\/#webpage\"},\"articleSection\":\"Obituary, Facultatif\"},{\"@type\":\"BreadcrumbList\",\"@id\":\"https:\\\/\\\/www.ja-lesieur.com\\\/en\\\/dr-jean-lapierre-1940-2025\\\/#breadcrumblist\",\"itemListElement\":[{\"@type\":\"ListItem\",\"@id\":\"https:\\\/\\\/www.ja-lesieur.com\\\/en\\\/#listItem\",\"position\":1,\"name\":\"Accueil\",\"item\":\"https:\\\/\\\/www.ja-lesieur.com\\\/en\\\/\",\"nextItem\":{\"@type\":\"ListItem\",\"@id\":\"https:\\\/\\\/www.ja-lesieur.com\\\/en\\\/category\\\/obituary\\\/#listItem\",\"name\":\"Obituary\"}},{\"@type\":\"ListItem\",\"@id\":\"https:\\\/\\\/www.ja-lesieur.com\\\/en\\\/category\\\/obituary\\\/#listItem\",\"position\":2,\"name\":\"Obituary\",\"item\":\"https:\\\/\\\/www.ja-lesieur.com\\\/en\\\/category\\\/obituary\\\/\",\"nextItem\":{\"@type\":\"ListItem\",\"@id\":\"https:\\\/\\\/www.ja-lesieur.com\\\/en\\\/dr-jean-lapierre-1940-2025\\\/#listItem\",\"name\":\"Dr. Jean Lapierre 1940-2025\"},\"previousItem\":{\"@type\":\"ListItem\",\"@id\":\"https:\\\/\\\/www.ja-lesieur.com\\\/en\\\/#listItem\",\"name\":\"Accueil\"}},{\"@type\":\"ListItem\",\"@id\":\"https:\\\/\\\/www.ja-lesieur.com\\\/en\\\/dr-jean-lapierre-1940-2025\\\/#listItem\",\"position\":3,\"name\":\"Dr. Jean Lapierre 1940-2025\",\"previousItem\":{\"@type\":\"ListItem\",\"@id\":\"https:\\\/\\\/www.ja-lesieur.com\\\/en\\\/category\\\/obituary\\\/#listItem\",\"name\":\"Obituary\"}}]},{\"@type\":\"Organization\",\"@id\":\"https:\\\/\\\/www.ja-lesieur.com\\\/en\\\/#organization\",\"name\":\"Complexe fun\\u00e9raire LeSieur\",\"description\":\"ja-lesieur.com\",\"url\":\"https:\\\/\\\/www.ja-lesieur.com\\\/en\\\/\",\"telephone\":\"+18883678471\"},{\"@type\":\"Person\",\"@id\":\"https:\\\/\\\/www.ja-lesieur.com\\\/en\\\/author\\\/martinelesieur-ca\\\/#author\",\"url\":\"https:\\\/\\\/www.ja-lesieur.com\\\/en\\\/author\\\/martinelesieur-ca\\\/\",\"name\":\"Martine Loignon\",\"image\":{\"@type\":\"ImageObject\",\"@id\":\"https:\\\/\\\/www.ja-lesieur.com\\\/en\\\/dr-jean-lapierre-1940-2025\\\/#authorImage\",\"url\":\"\\\/\\\/www.gravatar.com\\\/avatar\\\/f272fe1722d7fd7cef57d99d37395bf5?s=96&#038;r=g&#038;d=mm\",\"width\":96,\"height\":96,\"caption\":\"Martine Loignon\"}},{\"@type\":\"WebPage\",\"@id\":\"https:\\\/\\\/www.ja-lesieur.com\\\/en\\\/dr-jean-lapierre-1940-2025\\\/#webpage\",\"url\":\"https:\\\/\\\/www.ja-lesieur.com\\\/en\\\/dr-jean-lapierre-1940-2025\\\/\",\"name\":\"Dr. Jean Lapierre 1940-2025 | Funeral Complex LeSieur comprehensive services\",\"inLanguage\":\"en-US\",\"isPartOf\":{\"@id\":\"https:\\\/\\\/www.ja-lesieur.com\\\/en\\\/#website\"},\"breadcrumb\":{\"@id\":\"https:\\\/\\\/www.ja-lesieur.com\\\/en\\\/dr-jean-lapierre-1940-2025\\\/#breadcrumblist\"},\"author\":{\"@id\":\"https:\\\/\\\/www.ja-lesieur.com\\\/en\\\/author\\\/martinelesieur-ca\\\/#author\"},\"creator\":{\"@id\":\"https:\\\/\\\/www.ja-lesieur.com\\\/en\\\/author\\\/martinelesieur-ca\\\/#author\"},\"image\":{\"@type\":\"ImageObject\",\"url\":\"https:\\\/\\\/www.ja-lesieur.com\\\/wp-content\\\/uploads\\\/2025\\\/09\\\/jean-lapierre-carree-complexe-funeraire-lesieur-des-services-complets-e1758206187180.jpg\",\"@id\":\"https:\\\/\\\/www.ja-lesieur.com\\\/en\\\/dr-jean-lapierre-1940-2025\\\/#mainImage\",\"width\":885,\"height\":885},\"primaryImageOfPage\":{\"@id\":\"https:\\\/\\\/www.ja-lesieur.com\\\/en\\\/dr-jean-lapierre-1940-2025\\\/#mainImage\"},\"datePublished\":\"2025-09-14T10:32:35-04:00\",\"dateModified\":\"2025-09-14T10:32:35-04:00\"},{\"@type\":\"WebSite\",\"@id\":\"https:\\\/\\\/www.ja-lesieur.com\\\/en\\\/#website\",\"url\":\"https:\\\/\\\/www.ja-lesieur.com\\\/en\\\/\",\"name\":\"Complexe fun\\u00e9raire LeSieur des services complets\",\"description\":\"ja-lesieur.com\",\"inLanguage\":\"en-US\",\"publisher\":{\"@id\":\"https:\\\/\\\/www.ja-lesieur.com\\\/en\\\/#organization\"}}]}\n\t\t<\/script>\n\t\t<!-- All in One SEO -->\n\n","aioseo_head_json":{"title":"Dr. Jean Lapierre 1940-2025 | Funeral Complex LeSieur comprehensive services","description":"","canonical_url":"https:\/\/www.ja-lesieur.com\/en\/dr-jean-lapierre-1940-2025\/","robots":"max-image-preview:large","keywords":"","webmasterTools":{"miscellaneous":""},"schema":{"@context":"https:\/\/schema.org","@graph":[{"@type":"Article","@id":"https:\/\/www.ja-lesieur.com\/en\/dr-jean-lapierre-1940-2025\/#article","name":"Dr. Jean Lapierre 1940-2025 | Funeral Complex LeSieur comprehensive services","headline":"Dr. Jean Lapierre 1940-2025","author":{"@id":"https:\/\/www.ja-lesieur.com\/en\/author\/martinelesieur-ca\/#author"},"publisher":{"@id":"https:\/\/www.ja-lesieur.com\/en\/#organization"},"image":{"@type":"ImageObject","url":"https:\/\/www.ja-lesieur.com\/wp-content\/uploads\/2025\/09\/jean-lapierre-carree-complexe-funeraire-lesieur-des-services-complets-e1758206187180.jpg","width":885,"height":885},"datePublished":"2025-09-14T10:32:35-04:00","dateModified":"2025-09-14T10:32:35-04:00","inLanguage":"en-US","mainEntityOfPage":{"@id":"https:\/\/www.ja-lesieur.com\/en\/dr-jean-lapierre-1940-2025\/#webpage"},"isPartOf":{"@id":"https:\/\/www.ja-lesieur.com\/en\/dr-jean-lapierre-1940-2025\/#webpage"},"articleSection":"Obituary, Facultatif"},{"@type":"BreadcrumbList","@id":"https:\/\/www.ja-lesieur.com\/en\/dr-jean-lapierre-1940-2025\/#breadcrumblist","itemListElement":[{"@type":"ListItem","@id":"https:\/\/www.ja-lesieur.com\/en\/#listItem","position":1,"name":"Accueil","item":"https:\/\/www.ja-lesieur.com\/en\/","nextItem":{"@type":"ListItem","@id":"https:\/\/www.ja-lesieur.com\/en\/category\/obituary\/#listItem","name":"Obituary"}},{"@type":"ListItem","@id":"https:\/\/www.ja-lesieur.com\/en\/category\/obituary\/#listItem","position":2,"name":"Obituary","item":"https:\/\/www.ja-lesieur.com\/en\/category\/obituary\/","nextItem":{"@type":"ListItem","@id":"https:\/\/www.ja-lesieur.com\/en\/dr-jean-lapierre-1940-2025\/#listItem","name":"Dr. Jean Lapierre 1940-2025"},"previousItem":{"@type":"ListItem","@id":"https:\/\/www.ja-lesieur.com\/en\/#listItem","name":"Accueil"}},{"@type":"ListItem","@id":"https:\/\/www.ja-lesieur.com\/en\/dr-jean-lapierre-1940-2025\/#listItem","position":3,"name":"Dr. Jean Lapierre 1940-2025","previousItem":{"@type":"ListItem","@id":"https:\/\/www.ja-lesieur.com\/en\/category\/obituary\/#listItem","name":"Obituary"}}]},{"@type":"Organization","@id":"https:\/\/www.ja-lesieur.com\/en\/#organization","name":"Complexe fun\u00e9raire LeSieur","description":"ja-lesieur.com","url":"https:\/\/www.ja-lesieur.com\/en\/","telephone":"+18883678471"},{"@type":"Person","@id":"https:\/\/www.ja-lesieur.com\/en\/author\/martinelesieur-ca\/#author","url":"https:\/\/www.ja-lesieur.com\/en\/author\/martinelesieur-ca\/","name":"Martine Loignon","image":{"@type":"ImageObject","@id":"https:\/\/www.ja-lesieur.com\/en\/dr-jean-lapierre-1940-2025\/#authorImage","url":"\/\/www.gravatar.com\/avatar\/f272fe1722d7fd7cef57d99d37395bf5?s=96&#038;r=g&#038;d=mm","width":96,"height":96,"caption":"Martine Loignon"}},{"@type":"WebPage","@id":"https:\/\/www.ja-lesieur.com\/en\/dr-jean-lapierre-1940-2025\/#webpage","url":"https:\/\/www.ja-lesieur.com\/en\/dr-jean-lapierre-1940-2025\/","name":"Dr. Jean Lapierre 1940-2025 | Funeral Complex LeSieur comprehensive services","inLanguage":"en-US","isPartOf":{"@id":"https:\/\/www.ja-lesieur.com\/en\/#website"},"breadcrumb":{"@id":"https:\/\/www.ja-lesieur.com\/en\/dr-jean-lapierre-1940-2025\/#breadcrumblist"},"author":{"@id":"https:\/\/www.ja-lesieur.com\/en\/author\/martinelesieur-ca\/#author"},"creator":{"@id":"https:\/\/www.ja-lesieur.com\/en\/author\/martinelesieur-ca\/#author"},"image":{"@type":"ImageObject","url":"https:\/\/www.ja-lesieur.com\/wp-content\/uploads\/2025\/09\/jean-lapierre-carree-complexe-funeraire-lesieur-des-services-complets-e1758206187180.jpg","@id":"https:\/\/www.ja-lesieur.com\/en\/dr-jean-lapierre-1940-2025\/#mainImage","width":885,"height":885},"primaryImageOfPage":{"@id":"https:\/\/www.ja-lesieur.com\/en\/dr-jean-lapierre-1940-2025\/#mainImage"},"datePublished":"2025-09-14T10:32:35-04:00","dateModified":"2025-09-14T10:32:35-04:00"},{"@type":"WebSite","@id":"https:\/\/www.ja-lesieur.com\/en\/#website","url":"https:\/\/www.ja-lesieur.com\/en\/","name":"Complexe fun\u00e9raire LeSieur des services complets","description":"ja-lesieur.com","inLanguage":"en-US","publisher":{"@id":"https:\/\/www.ja-lesieur.com\/en\/#organization"}}]},"og:locale":"en_US","og:site_name":"Funeral Complex LeSieur comprehensive services | ja-lesieur.com","og:type":"article","og:title":"Dr. Jean Lapierre 1940-2025 | Funeral Complex LeSieur comprehensive services","og:url":"https:\/\/www.ja-lesieur.com\/en\/dr-jean-lapierre-1940-2025\/","article:published_time":"2025-09-14T14:32:35+00:00","article:modified_time":"2025-09-14T14:32:35+00:00"},"aioseo_meta_data":{"post_id":"19886","title":null,"description":null,"keywords":null,"keyphrases":null,"primary_term":null,"canonical_url":null,"og_title":null,"og_description":null,"og_object_type":"default","og_image_type":"default","og_image_url":null,"og_image_width":null,"og_image_height":null,"og_image_custom_url":null,"og_image_custom_fields":null,"og_video":null,"og_custom_url":null,"og_article_section":null,"og_article_tags":null,"twitter_use_og":false,"twitter_card":"default","twitter_image_type":"default","twitter_image_url":null,"twitter_image_custom_url":null,"twitter_image_custom_fields":null,"twitter_title":null,"twitter_description":null,"schema":{"blockGraphs":[],"customGraphs":[],"default":{"data":{"Article":[],"Course":[],"Dataset":[],"FAQPage":[],"Movie":[],"Person":[],"Product":[],"ProductReview":[],"Car":[],"Recipe":[],"Service":[],"SoftwareApplication":[],"WebPage":[]},"graphName":"","isEnabled":true},"graphs":[]},"schema_type":"default","schema_type_options":null,"pillar_content":false,"robots_default":true,"robots_noindex":false,"robots_noarchive":false,"robots_nosnippet":false,"robots_nofollow":false,"robots_noimageindex":false,"robots_noodp":false,"robots_notranslate":false,"robots_max_snippet":null,"robots_max_videopreview":null,"robots_max_imagepreview":"large","priority":null,"frequency":null,"local_seo":null,"breadcrumb_settings":null,"limit_modified_date":false,"ai":null,"created":"2025-09-18 14:39:06","updated":"2025-09-18 14:39:06","seo_analyzer_scan_date":null,"focus_keyword":null,"additional_keywords":null,"truseo_locale":null},"aioseo_breadcrumb":"<div class=\"aioseo-breadcrumbs\"><span class=\"aioseo-breadcrumb\">\n\t\t\t<a href=\"https:\/\/www.ja-lesieur.com\/en\/\" title=\"Accueil\">Accueil<\/a>\n\t\t<\/span><span class=\"aioseo-breadcrumb-separator\">&raquo;<\/span><span class=\"aioseo-breadcrumb\">\n\t\t\t<a href=\"https:\/\/www.ja-lesieur.com\/en\/category\/obituary\/\" title=\"Obituary\">Obituary<\/a>\n\t\t<\/span><span class=\"aioseo-breadcrumb-separator\">&raquo;<\/span><span class=\"aioseo-breadcrumb\">\n\t\t\tDr. Jean Lapierre 1940-2025\n\t\t<\/span><\/div>","aioseo_breadcrumb_json":[{"label":"Accueil","link":"https:\/\/www.ja-lesieur.com\/en\/"},{"label":"Obituary","link":"https:\/\/www.ja-lesieur.com\/en\/category\/obituary\/"},{"label":"Dr. Jean Lapierre 1940-2025","link":"https:\/\/www.ja-lesieur.com\/en\/dr-jean-lapierre-1940-2025\/"}],"jetpack_sharing_enabled":true,"jetpack_featured_media_url":"https:\/\/www.ja-lesieur.com\/wp-content\/uploads\/2025\/09\/jean-lapierre-carree-complexe-funeraire-lesieur-des-services-complets-e1758206187180.jpg","_links":{"self":[{"href":"https:\/\/www.ja-lesieur.com\/en\/wp-json\/wp\/v2\/posts\/19886","targetHints":{"allow":["GET"]}}],"collection":[{"href":"https:\/\/www.ja-lesieur.com\/en\/wp-json\/wp\/v2\/posts"}],"about":[{"href":"https:\/\/www.ja-lesieur.com\/en\/wp-json\/wp\/v2\/types\/post"}],"author":[{"embeddable":true,"href":"https:\/\/www.ja-lesieur.com\/en\/wp-json\/wp\/v2\/users\/8"}],"replies":[{"embeddable":true,"href":"https:\/\/www.ja-lesieur.com\/en\/wp-json\/wp\/v2\/comments?post=19886"}],"version-history":[{"count":0,"href":"https:\/\/www.ja-lesieur.com\/en\/wp-json\/wp\/v2\/posts\/19886\/revisions"}],"wp:featuredmedia":[{"embeddable":true,"href":"https:\/\/www.ja-lesieur.com\/en\/wp-json\/wp\/v2\/media\/19883"}],"wp:attachment":[{"href":"https:\/\/www.ja-lesieur.com\/en\/wp-json\/wp\/v2\/media?parent=19886"}],"wp:term":[{"taxonomy":"category","embeddable":true,"href":"https:\/\/www.ja-lesieur.com\/en\/wp-json\/wp\/v2\/categories?post=19886"},{"taxonomy":"post_tag","embeddable":true,"href":"https:\/\/www.ja-lesieur.com\/en\/wp-json\/wp\/v2\/tags?post=19886"}],"curies":[{"name":"wp","href":"https:\/\/api.w.org\/{rel}","templated":true}]}}