{"id":19891,"date":"2025-09-16T20:37:17","date_gmt":"2025-09-17T00:37:17","guid":{"rendered":"https:\/\/www.ja-lesieur.com\/mme-sylvie-charland-1950-2025\/"},"modified":"2025-10-04T08:51:04","modified_gmt":"2025-10-04T12:51:04","slug":"mme-sylvie-charland-1950-2025","status":"publish","type":"post","link":"https:\/\/www.ja-lesieur.com\/en\/mme-sylvie-charland-1950-2025\/","title":{"rendered":"Mme Sylvie Charland 1950-2025"},"content":{"rendered":"<p>\u00c0 Granby, le 16 septembre 2025, \u00e0 l&#8217;\u00e2ge de 75 ans, est d\u00e9c\u00e9d\u00e9e Mme Sylvie Charland, conjointe de feu Jean-Paul Gousy, demeurant \u00e0 Granby et autrefois de Kelowna en Colombie-Britannique. Elle \u00e9tait la fille de feu R\u00e9al Charland et feu Ruth Turcotte, et la s\u0153ur de feu Diane Charland.<\/p>\n<p>Elle laisse dans le deuil ses enfants : Michael Charland (Cindy Charland), Rob Charland (Sarah Charland), Jennifer Charland Bloch (Robin Bloch) et Jocelyn Charland (Roxanne Donders); son fr\u00e8re : Daniel Charland (Denise Dumont); ses s\u0153urs : Denyse Charland et Nicole Charland (Patrick Jacquin). Elle laisse aussi dans le deuil ses petits-enfants : Kaylee, Ayden, Emma, Annabelle, Gavin, Jacob, Matthew, Abigail, Ella et Emilia; sa belle-famille : feu Ginette, R\u00e9al, Denis, Ghislaine, Christiane, Yves, Lise, Alain et Linda Gousy et sp\u00e9cialement son beau-fr\u00e8re Serge Gousy qui l\u2019a accompagn\u00e9e dans ses derniers jours avec compassion et douceur, de m\u00eame que ses nombreux neveux, ni\u00e8ces, cousins, cousines et amis.<\/p>\n<p><strong>L&#8217;Aquamation a eu lieu au Bio-Cr\u00e9matorium Le Sieur de Granby.<\/strong><\/p>\n<p><strong>L\u2019hommage \u00e0 sa vie aura lieu le vendredi 3 octobre 2025 \u00e0 11 heures directement en la chapelle du\u00a0:<\/strong><\/p>\n<p style=\"text-align: center;\"><strong>COMPLEXE FUN\u00c9RAIRE<\/strong><\/p>\n<p style=\"text-align: center;\"><strong>LE SIEUR<\/strong><\/p>\n<p style=\"text-align: center;\"><strong>60 Boul. Pie-IX, Granby, Qc,<\/strong><\/p>\n<p style=\"text-align: center;\"><strong>T\u00e9l.: 450-777-1414 t\u00e9lec.: 450-777-0999<\/strong><\/p>\n<p style=\"text-align: center;\"><strong>www.lesieur.ca &#8211; info@lesieur.ca<\/strong><\/p>\n<p><strong>Suivi de l\u2019inhumation au cimeti\u00e8re Mgr Pelletier de Granby et d\u2019une r\u00e9union au restaurant Au Vieux Duluth, 845, rue Principale \u00e0 Granby.<\/strong><\/p>\n<p>Voici le vid\u00e9o de l&#8217;Hommage \u00e0 Sylvie, vous pouvez cliquer sur le lien:<\/p>\n<p><iframe loading=\"lazy\" title=\"C\u00e9r\u00e9monie fun\u00e9raire de Mme Sylvie Charland\" width=\"1170\" height=\"658\" src=\"https:\/\/www.youtube.com\/embed\/U3biUCIkpGI?feature=oembed\" frameborder=\"0\" allow=\"accelerometer; autoplay; clipboard-write; encrypted-media; gyroscope; picture-in-picture; web-share\" referrerpolicy=\"strict-origin-when-cross-origin\" allowfullscreen><\/iframe><\/p>\n","protected":false},"excerpt":{"rendered":"<p>\u00c0 Granby, le 16 septembre 2025, \u00e0 l&#8217;\u00e2ge de 75 ans, est d\u00e9c\u00e9d\u00e9e Mme Sylvie Charland, conjointe de feu Jean-Paul Gousy, demeurant \u00e0 Granby et autrefois de Kelowna en Colombie-Britannique. Elle \u00e9tait la fille de feu R\u00e9al Charland et feu Ruth Turcotte, et la s\u0153ur de feu Diane Charland. Elle laisse dans le deuil ses [&hellip;]<\/p>\n","protected":false},"author":8,"featured_media":19889,"comment_status":"closed","ping_status":"closed","sticky":false,"template":"","format":"standard","meta":{"_jetpack_newsletter_access":"","_jetpack_dont_email_post_to_subs":false,"_jetpack_newsletter_tier_id":0,"_jetpack_memberships_contains_paywalled_content":false,"_jetpack_memberships_contains_paid_content":false,"footnotes":""},"categories":[97],"tags":[],"class_list":["post-19891","post","type-post","status-publish","format-standard","has-post-thumbnail","hentry","category-obituary"],"aioseo_notices":[],"aioseo_head":"\n\t\t<!-- All in One SEO 5.0.1.1 - aioseo.com -->\n\t<meta name=\"robots\" content=\"max-image-preview:large\" \/>\n\t<meta name=\"author\" content=\"Martine Loignon\"\/>\n\t<link rel=\"canonical\" href=\"https:\/\/www.ja-lesieur.com\/en\/mme-sylvie-charland-1950-2025\/\" \/>\n\t<meta name=\"generator\" content=\"All in One SEO (AIOSEO) 5.0.1.1\" \/>\n\t\t<meta property=\"og:locale\" content=\"en_US\" \/>\n\t\t<meta property=\"og:site_name\" content=\"Funeral Complex LeSieur comprehensive services | ja-lesieur.com\" \/>\n\t\t<meta property=\"og:type\" content=\"article\" \/>\n\t\t<meta property=\"og:title\" content=\"Mme Sylvie Charland 1950-2025 | Funeral Complex LeSieur comprehensive services\" \/>\n\t\t<meta property=\"og:url\" content=\"https:\/\/www.ja-lesieur.com\/en\/mme-sylvie-charland-1950-2025\/\" \/>\n\t\t<meta property=\"article:published_time\" content=\"2025-09-17T00:37:17+00:00\" \/>\n\t\t<meta property=\"article:modified_time\" content=\"2025-10-04T12:51:04+00:00\" \/>\n\t\t<script type=\"application\/ld+json\" class=\"aioseo-schema\">\n\t\t\t{\"@context\":\"https:\\\/\\\/schema.org\",\"@graph\":[{\"@type\":\"Article\",\"@id\":\"https:\\\/\\\/www.ja-lesieur.com\\\/en\\\/mme-sylvie-charland-1950-2025\\\/#article\",\"name\":\"Mme Sylvie Charland 1950-2025 | Funeral Complex LeSieur comprehensive services\",\"headline\":\"Mme Sylvie Charland 1950-2025\",\"author\":{\"@id\":\"https:\\\/\\\/www.ja-lesieur.com\\\/en\\\/author\\\/martinelesieur-ca\\\/#author\"},\"publisher\":{\"@id\":\"https:\\\/\\\/www.ja-lesieur.com\\\/en\\\/#organization\"},\"image\":{\"@type\":\"ImageObject\",\"url\":\"https:\\\/\\\/www.ja-lesieur.com\\\/wp-content\\\/uploads\\\/2025\\\/09\\\/sylvie-charland-couleur-carre-complexe-funeraire-lesieur-des-services-complets.jpg\",\"width\":453,\"height\":453},\"datePublished\":\"2025-09-16T20:37:17-04:00\",\"dateModified\":\"2025-10-04T08:51:04-04:00\",\"inLanguage\":\"en-US\",\"mainEntityOfPage\":{\"@id\":\"https:\\\/\\\/www.ja-lesieur.com\\\/en\\\/mme-sylvie-charland-1950-2025\\\/#webpage\"},\"isPartOf\":{\"@id\":\"https:\\\/\\\/www.ja-lesieur.com\\\/en\\\/mme-sylvie-charland-1950-2025\\\/#webpage\"},\"articleSection\":\"Obituary, Facultatif\"},{\"@type\":\"BreadcrumbList\",\"@id\":\"https:\\\/\\\/www.ja-lesieur.com\\\/en\\\/mme-sylvie-charland-1950-2025\\\/#breadcrumblist\",\"itemListElement\":[{\"@type\":\"ListItem\",\"@id\":\"https:\\\/\\\/www.ja-lesieur.com\\\/en\\\/#listItem\",\"position\":1,\"name\":\"Accueil\",\"item\":\"https:\\\/\\\/www.ja-lesieur.com\\\/en\\\/\",\"nextItem\":{\"@type\":\"ListItem\",\"@id\":\"https:\\\/\\\/www.ja-lesieur.com\\\/en\\\/category\\\/obituary\\\/#listItem\",\"name\":\"Obituary\"}},{\"@type\":\"ListItem\",\"@id\":\"https:\\\/\\\/www.ja-lesieur.com\\\/en\\\/category\\\/obituary\\\/#listItem\",\"position\":2,\"name\":\"Obituary\",\"item\":\"https:\\\/\\\/www.ja-lesieur.com\\\/en\\\/category\\\/obituary\\\/\",\"nextItem\":{\"@type\":\"ListItem\",\"@id\":\"https:\\\/\\\/www.ja-lesieur.com\\\/en\\\/mme-sylvie-charland-1950-2025\\\/#listItem\",\"name\":\"Mme Sylvie Charland 1950-2025\"},\"previousItem\":{\"@type\":\"ListItem\",\"@id\":\"https:\\\/\\\/www.ja-lesieur.com\\\/en\\\/#listItem\",\"name\":\"Accueil\"}},{\"@type\":\"ListItem\",\"@id\":\"https:\\\/\\\/www.ja-lesieur.com\\\/en\\\/mme-sylvie-charland-1950-2025\\\/#listItem\",\"position\":3,\"name\":\"Mme Sylvie Charland 1950-2025\",\"previousItem\":{\"@type\":\"ListItem\",\"@id\":\"https:\\\/\\\/www.ja-lesieur.com\\\/en\\\/category\\\/obituary\\\/#listItem\",\"name\":\"Obituary\"}}]},{\"@type\":\"Organization\",\"@id\":\"https:\\\/\\\/www.ja-lesieur.com\\\/en\\\/#organization\",\"name\":\"Complexe fun\\u00e9raire LeSieur\",\"description\":\"ja-lesieur.com\",\"url\":\"https:\\\/\\\/www.ja-lesieur.com\\\/en\\\/\",\"telephone\":\"+18883678471\"},{\"@type\":\"Person\",\"@id\":\"https:\\\/\\\/www.ja-lesieur.com\\\/en\\\/author\\\/martinelesieur-ca\\\/#author\",\"url\":\"https:\\\/\\\/www.ja-lesieur.com\\\/en\\\/author\\\/martinelesieur-ca\\\/\",\"name\":\"Martine Loignon\",\"image\":{\"@type\":\"ImageObject\",\"@id\":\"https:\\\/\\\/www.ja-lesieur.com\\\/en\\\/mme-sylvie-charland-1950-2025\\\/#authorImage\",\"url\":\"\\\/\\\/www.gravatar.com\\\/avatar\\\/f272fe1722d7fd7cef57d99d37395bf5?s=96&#038;r=g&#038;d=mm\",\"width\":96,\"height\":96,\"caption\":\"Martine Loignon\"}},{\"@type\":\"WebPage\",\"@id\":\"https:\\\/\\\/www.ja-lesieur.com\\\/en\\\/mme-sylvie-charland-1950-2025\\\/#webpage\",\"url\":\"https:\\\/\\\/www.ja-lesieur.com\\\/en\\\/mme-sylvie-charland-1950-2025\\\/\",\"name\":\"Mme Sylvie Charland 1950-2025 | Funeral Complex LeSieur comprehensive services\",\"inLanguage\":\"en-US\",\"isPartOf\":{\"@id\":\"https:\\\/\\\/www.ja-lesieur.com\\\/en\\\/#website\"},\"breadcrumb\":{\"@id\":\"https:\\\/\\\/www.ja-lesieur.com\\\/en\\\/mme-sylvie-charland-1950-2025\\\/#breadcrumblist\"},\"author\":{\"@id\":\"https:\\\/\\\/www.ja-lesieur.com\\\/en\\\/author\\\/martinelesieur-ca\\\/#author\"},\"creator\":{\"@id\":\"https:\\\/\\\/www.ja-lesieur.com\\\/en\\\/author\\\/martinelesieur-ca\\\/#author\"},\"image\":{\"@type\":\"ImageObject\",\"url\":\"https:\\\/\\\/www.ja-lesieur.com\\\/wp-content\\\/uploads\\\/2025\\\/09\\\/sylvie-charland-couleur-carre-complexe-funeraire-lesieur-des-services-complets.jpg\",\"@id\":\"https:\\\/\\\/www.ja-lesieur.com\\\/en\\\/mme-sylvie-charland-1950-2025\\\/#mainImage\",\"width\":453,\"height\":453},\"primaryImageOfPage\":{\"@id\":\"https:\\\/\\\/www.ja-lesieur.com\\\/en\\\/mme-sylvie-charland-1950-2025\\\/#mainImage\"},\"datePublished\":\"2025-09-16T20:37:17-04:00\",\"dateModified\":\"2025-10-04T08:51:04-04:00\"},{\"@type\":\"WebSite\",\"@id\":\"https:\\\/\\\/www.ja-lesieur.com\\\/en\\\/#website\",\"url\":\"https:\\\/\\\/www.ja-lesieur.com\\\/en\\\/\",\"name\":\"Complexe fun\\u00e9raire LeSieur des services complets\",\"description\":\"ja-lesieur.com\",\"inLanguage\":\"en-US\",\"publisher\":{\"@id\":\"https:\\\/\\\/www.ja-lesieur.com\\\/en\\\/#organization\"}}]}\n\t\t<\/script>\n\t\t<!-- All in One SEO -->\n\n","aioseo_head_json":{"title":"Mme Sylvie Charland 1950-2025 | Funeral Complex LeSieur comprehensive services","description":"","canonical_url":"https:\/\/www.ja-lesieur.com\/en\/mme-sylvie-charland-1950-2025\/","robots":"max-image-preview:large","keywords":"","webmasterTools":{"miscellaneous":""},"schema":{"@context":"https:\/\/schema.org","@graph":[{"@type":"Article","@id":"https:\/\/www.ja-lesieur.com\/en\/mme-sylvie-charland-1950-2025\/#article","name":"Mme Sylvie Charland 1950-2025 | Funeral Complex LeSieur comprehensive services","headline":"Mme Sylvie Charland 1950-2025","author":{"@id":"https:\/\/www.ja-lesieur.com\/en\/author\/martinelesieur-ca\/#author"},"publisher":{"@id":"https:\/\/www.ja-lesieur.com\/en\/#organization"},"image":{"@type":"ImageObject","url":"https:\/\/www.ja-lesieur.com\/wp-content\/uploads\/2025\/09\/sylvie-charland-couleur-carre-complexe-funeraire-lesieur-des-services-complets.jpg","width":453,"height":453},"datePublished":"2025-09-16T20:37:17-04:00","dateModified":"2025-10-04T08:51:04-04:00","inLanguage":"en-US","mainEntityOfPage":{"@id":"https:\/\/www.ja-lesieur.com\/en\/mme-sylvie-charland-1950-2025\/#webpage"},"isPartOf":{"@id":"https:\/\/www.ja-lesieur.com\/en\/mme-sylvie-charland-1950-2025\/#webpage"},"articleSection":"Obituary, Facultatif"},{"@type":"BreadcrumbList","@id":"https:\/\/www.ja-lesieur.com\/en\/mme-sylvie-charland-1950-2025\/#breadcrumblist","itemListElement":[{"@type":"ListItem","@id":"https:\/\/www.ja-lesieur.com\/en\/#listItem","position":1,"name":"Accueil","item":"https:\/\/www.ja-lesieur.com\/en\/","nextItem":{"@type":"ListItem","@id":"https:\/\/www.ja-lesieur.com\/en\/category\/obituary\/#listItem","name":"Obituary"}},{"@type":"ListItem","@id":"https:\/\/www.ja-lesieur.com\/en\/category\/obituary\/#listItem","position":2,"name":"Obituary","item":"https:\/\/www.ja-lesieur.com\/en\/category\/obituary\/","nextItem":{"@type":"ListItem","@id":"https:\/\/www.ja-lesieur.com\/en\/mme-sylvie-charland-1950-2025\/#listItem","name":"Mme Sylvie Charland 1950-2025"},"previousItem":{"@type":"ListItem","@id":"https:\/\/www.ja-lesieur.com\/en\/#listItem","name":"Accueil"}},{"@type":"ListItem","@id":"https:\/\/www.ja-lesieur.com\/en\/mme-sylvie-charland-1950-2025\/#listItem","position":3,"name":"Mme Sylvie Charland 1950-2025","previousItem":{"@type":"ListItem","@id":"https:\/\/www.ja-lesieur.com\/en\/category\/obituary\/#listItem","name":"Obituary"}}]},{"@type":"Organization","@id":"https:\/\/www.ja-lesieur.com\/en\/#organization","name":"Complexe fun\u00e9raire LeSieur","description":"ja-lesieur.com","url":"https:\/\/www.ja-lesieur.com\/en\/","telephone":"+18883678471"},{"@type":"Person","@id":"https:\/\/www.ja-lesieur.com\/en\/author\/martinelesieur-ca\/#author","url":"https:\/\/www.ja-lesieur.com\/en\/author\/martinelesieur-ca\/","name":"Martine Loignon","image":{"@type":"ImageObject","@id":"https:\/\/www.ja-lesieur.com\/en\/mme-sylvie-charland-1950-2025\/#authorImage","url":"\/\/www.gravatar.com\/avatar\/f272fe1722d7fd7cef57d99d37395bf5?s=96&#038;r=g&#038;d=mm","width":96,"height":96,"caption":"Martine Loignon"}},{"@type":"WebPage","@id":"https:\/\/www.ja-lesieur.com\/en\/mme-sylvie-charland-1950-2025\/#webpage","url":"https:\/\/www.ja-lesieur.com\/en\/mme-sylvie-charland-1950-2025\/","name":"Mme Sylvie Charland 1950-2025 | Funeral Complex LeSieur comprehensive services","inLanguage":"en-US","isPartOf":{"@id":"https:\/\/www.ja-lesieur.com\/en\/#website"},"breadcrumb":{"@id":"https:\/\/www.ja-lesieur.com\/en\/mme-sylvie-charland-1950-2025\/#breadcrumblist"},"author":{"@id":"https:\/\/www.ja-lesieur.com\/en\/author\/martinelesieur-ca\/#author"},"creator":{"@id":"https:\/\/www.ja-lesieur.com\/en\/author\/martinelesieur-ca\/#author"},"image":{"@type":"ImageObject","url":"https:\/\/www.ja-lesieur.com\/wp-content\/uploads\/2025\/09\/sylvie-charland-couleur-carre-complexe-funeraire-lesieur-des-services-complets.jpg","@id":"https:\/\/www.ja-lesieur.com\/en\/mme-sylvie-charland-1950-2025\/#mainImage","width":453,"height":453},"primaryImageOfPage":{"@id":"https:\/\/www.ja-lesieur.com\/en\/mme-sylvie-charland-1950-2025\/#mainImage"},"datePublished":"2025-09-16T20:37:17-04:00","dateModified":"2025-10-04T08:51:04-04:00"},{"@type":"WebSite","@id":"https:\/\/www.ja-lesieur.com\/en\/#website","url":"https:\/\/www.ja-lesieur.com\/en\/","name":"Complexe fun\u00e9raire LeSieur des services complets","description":"ja-lesieur.com","inLanguage":"en-US","publisher":{"@id":"https:\/\/www.ja-lesieur.com\/en\/#organization"}}]},"og:locale":"en_US","og:site_name":"Funeral Complex LeSieur comprehensive services | ja-lesieur.com","og:type":"article","og:title":"Mme Sylvie Charland 1950-2025 | Funeral Complex LeSieur comprehensive services","og:url":"https:\/\/www.ja-lesieur.com\/en\/mme-sylvie-charland-1950-2025\/","article:published_time":"2025-09-17T00:37:17+00:00","article:modified_time":"2025-10-04T12:51:04+00:00"},"aioseo_meta_data":{"post_id":"19891","title":null,"description":null,"keywords":null,"keyphrases":{"focus":{"keyphrase":"","score":0,"analysis":{"keyphraseInTitle":{"score":0,"maxScore":9,"error":1}}},"additional":[]},"primary_term":null,"canonical_url":null,"og_title":null,"og_description":null,"og_object_type":"default","og_image_type":"default","og_image_url":null,"og_image_width":null,"og_image_height":null,"og_image_custom_url":null,"og_image_custom_fields":null,"og_video":"","og_custom_url":null,"og_article_section":null,"og_article_tags":null,"twitter_use_og":false,"twitter_card":"default","twitter_image_type":"default","twitter_image_url":null,"twitter_image_custom_url":null,"twitter_image_custom_fields":null,"twitter_title":null,"twitter_description":null,"schema":{"blockGraphs":[],"customGraphs":[],"default":{"data":{"Article":[],"Course":[],"Dataset":[],"FAQPage":[],"Movie":[],"Person":[],"Product":[],"ProductReview":[],"Car":[],"Recipe":[],"Service":[],"SoftwareApplication":[],"WebPage":[]},"graphName":"Article","isEnabled":true},"graphs":[]},"schema_type":"default","schema_type_options":null,"pillar_content":false,"robots_default":true,"robots_noindex":false,"robots_noarchive":false,"robots_nosnippet":false,"robots_nofollow":false,"robots_noimageindex":false,"robots_noodp":false,"robots_notranslate":false,"robots_max_snippet":"-1","robots_max_videopreview":"-1","robots_max_imagepreview":"large","priority":null,"frequency":"default","local_seo":null,"breadcrumb_settings":null,"limit_modified_date":false,"ai":{"faqs":[],"keyPoints":[],"titles":[],"descriptions":[],"socialPosts":{"email":[],"linkedin":[],"twitter":[],"facebook":[],"instagram":[]}},"created":"2025-09-19 00:58:15","updated":"2025-10-04 12:51:22","seo_analyzer_scan_date":null,"focus_keyword":null,"additional_keywords":null,"truseo_locale":null},"aioseo_breadcrumb":"<div class=\"aioseo-breadcrumbs\"><span class=\"aioseo-breadcrumb\">\n\t\t\t<a href=\"https:\/\/www.ja-lesieur.com\/en\/\" title=\"Accueil\">Accueil<\/a>\n\t\t<\/span><span class=\"aioseo-breadcrumb-separator\">&raquo;<\/span><span class=\"aioseo-breadcrumb\">\n\t\t\t<a href=\"https:\/\/www.ja-lesieur.com\/en\/category\/obituary\/\" title=\"Obituary\">Obituary<\/a>\n\t\t<\/span><span class=\"aioseo-breadcrumb-separator\">&raquo;<\/span><span class=\"aioseo-breadcrumb\">\n\t\t\tMme Sylvie Charland 1950-2025\n\t\t<\/span><\/div>","aioseo_breadcrumb_json":[{"label":"Accueil","link":"https:\/\/www.ja-lesieur.com\/en\/"},{"label":"Obituary","link":"https:\/\/www.ja-lesieur.com\/en\/category\/obituary\/"},{"label":"Mme Sylvie Charland 1950-2025","link":"https:\/\/www.ja-lesieur.com\/en\/mme-sylvie-charland-1950-2025\/"}],"jetpack_sharing_enabled":true,"jetpack_featured_media_url":"https:\/\/www.ja-lesieur.com\/wp-content\/uploads\/2025\/09\/sylvie-charland-couleur-carre-complexe-funeraire-lesieur-des-services-complets.jpg","_links":{"self":[{"href":"https:\/\/www.ja-lesieur.com\/en\/wp-json\/wp\/v2\/posts\/19891","targetHints":{"allow":["GET"]}}],"collection":[{"href":"https:\/\/www.ja-lesieur.com\/en\/wp-json\/wp\/v2\/posts"}],"about":[{"href":"https:\/\/www.ja-lesieur.com\/en\/wp-json\/wp\/v2\/types\/post"}],"author":[{"embeddable":true,"href":"https:\/\/www.ja-lesieur.com\/en\/wp-json\/wp\/v2\/users\/8"}],"replies":[{"embeddable":true,"href":"https:\/\/www.ja-lesieur.com\/en\/wp-json\/wp\/v2\/comments?post=19891"}],"version-history":[{"count":2,"href":"https:\/\/www.ja-lesieur.com\/en\/wp-json\/wp\/v2\/posts\/19891\/revisions"}],"predecessor-version":[{"id":19985,"href":"https:\/\/www.ja-lesieur.com\/en\/wp-json\/wp\/v2\/posts\/19891\/revisions\/19985"}],"wp:featuredmedia":[{"embeddable":true,"href":"https:\/\/www.ja-lesieur.com\/en\/wp-json\/wp\/v2\/media\/19889"}],"wp:attachment":[{"href":"https:\/\/www.ja-lesieur.com\/en\/wp-json\/wp\/v2\/media?parent=19891"}],"wp:term":[{"taxonomy":"category","embeddable":true,"href":"https:\/\/www.ja-lesieur.com\/en\/wp-json\/wp\/v2\/categories?post=19891"},{"taxonomy":"post_tag","embeddable":true,"href":"https:\/\/www.ja-lesieur.com\/en\/wp-json\/wp\/v2\/tags?post=19891"}],"curies":[{"name":"wp","href":"https:\/\/api.w.org\/{rel}","templated":true}]}}