{"id":19935,"date":"2025-09-22T17:11:34","date_gmt":"2025-09-22T21:11:34","guid":{"rendered":"https:\/\/www.ja-lesieur.com\/m-daniel-bernier-1949-2025\/"},"modified":"2025-11-15T14:51:26","modified_gmt":"2025-11-15T19:51:26","slug":"m-daniel-bernier-1949-2025","status":"publish","type":"post","link":"https:\/\/www.ja-lesieur.com\/en\/m-daniel-bernier-1949-2025\/","title":{"rendered":"M. Daniel Bernier 1949-2025"},"content":{"rendered":"<p>\u00c0 Longueuil, le 22 septembre 2025, \u00e0 l&#8217;\u00e2ge de 76 ans, est d\u00e9c\u00e9d\u00e9 M. Daniel Bernier, fils de feu Lionel Bernier et de feu Annette Champigny, demeurant \u00e0 Longueuil.<\/p>\n<p>Il laisse dans le deuil ses fr\u00e8res et soeurs: Gaston (feu R\u00e9jeanne Rodier), Jeanne D&#8217;Arc (Pierre Girard), Yvon (feu Claire M\u00e9nard), Colette (feu Gilles Le Sieur), Fran\u00e7ois (Louise B\u00e9rard), il \u00e9tait le fr\u00e8re de feu Rh\u00e9aume, feu Ga\u00e9tan (feu Claire Parent), feu Guy, feu Rock-Jean (feu Simonne Lussier). Il laisse \u00e9galement plusieurs neveux, ni\u00e8ces, autres parents et ami(e)s.<\/p>\n<p><strong>L&#8217;Aquamation a eu lieu au Bio-Cr\u00e9matorium Le Sieur de Granby.<\/strong><\/p>\n<p><strong>COMPLEXE FUN\u00c9RAIRE<\/strong><\/p>\n<p><strong>LESIEUR<\/strong><\/p>\n<p><strong>60 Boul. Pie IX, Granby, Qc,<\/strong><\/p>\n<p><strong>t\u00e9l: 450-777-1414 t\u00e9lec: 450-777-0999<\/strong><\/p>\n<p><strong>www.lesieur.ca &#8211; info@lesieur.ca<\/strong><\/p>\n<p><strong>Membre de la CTQ<\/strong><\/p>\n<p>Afin de respecter les derni\u00e8res volont\u00e9s de M. Daniel Bernier, il n&#8217;y aura pas d&#8217;exposition. L\u2019inhumation aura lieu au cimeti\u00e8re de St-Val\u00e9rien de Milton \u00e0 une date ult\u00e9rieure dans la plus stricte intimit\u00e9.<\/p>\n<p>Vous pouvez visionner la c\u00e9r\u00e9monie <a title=\"C\u00e9r\u00e9monie de Daniel Bernier\" href=\"https:\/\/www.youtube.com\/watch?v=rYclZkoLEwc\" target=\"_blank\" rel=\"noopener\">ICI<\/a><\/p>\n","protected":false},"excerpt":{"rendered":"<p>\u00c0 Longueuil, le 22 septembre 2025, \u00e0 l&#8217;\u00e2ge de 76 ans, est d\u00e9c\u00e9d\u00e9 M. Daniel Bernier, fils de feu Lionel Bernier et de feu Annette Champigny, demeurant \u00e0 Longueuil. Il laisse dans le deuil ses fr\u00e8res et soeurs: Gaston (feu R\u00e9jeanne Rodier), Jeanne D&#8217;Arc (Pierre Girard), Yvon (feu Claire M\u00e9nard), Colette (feu Gilles Le Sieur), [&hellip;]<\/p>\n","protected":false},"author":8,"featured_media":19933,"comment_status":"closed","ping_status":"closed","sticky":false,"template":"","format":"standard","meta":{"_crdt_document":"","_jetpack_memberships_contains_paid_content":false,"footnotes":""},"categories":[97],"tags":[],"class_list":["post-19935","post","type-post","status-publish","format-standard","has-post-thumbnail","hentry","category-obituary"],"aioseo_notices":[],"jetpack_featured_media_url":"https:\/\/www.ja-lesieur.com\/wp-content\/uploads\/2025\/09\/daniel-bernier-carre-complexe-funeraire-lesieur-des-services-complets-scaled-e1758834671512.jpg","jetpack_sharing_enabled":true,"_links":{"self":[{"href":"https:\/\/www.ja-lesieur.com\/en\/wp-json\/wp\/v2\/posts\/19935","targetHints":{"allow":["GET"]}}],"collection":[{"href":"https:\/\/www.ja-lesieur.com\/en\/wp-json\/wp\/v2\/posts"}],"about":[{"href":"https:\/\/www.ja-lesieur.com\/en\/wp-json\/wp\/v2\/types\/post"}],"author":[{"embeddable":true,"href":"https:\/\/www.ja-lesieur.com\/en\/wp-json\/wp\/v2\/users\/8"}],"replies":[{"embeddable":true,"href":"https:\/\/www.ja-lesieur.com\/en\/wp-json\/wp\/v2\/comments?post=19935"}],"version-history":[{"count":3,"href":"https:\/\/www.ja-lesieur.com\/en\/wp-json\/wp\/v2\/posts\/19935\/revisions"}],"predecessor-version":[{"id":20181,"href":"https:\/\/www.ja-lesieur.com\/en\/wp-json\/wp\/v2\/posts\/19935\/revisions\/20181"}],"wp:featuredmedia":[{"embeddable":true,"href":"https:\/\/www.ja-lesieur.com\/en\/wp-json\/wp\/v2\/media\/19933"}],"wp:attachment":[{"href":"https:\/\/www.ja-lesieur.com\/en\/wp-json\/wp\/v2\/media?parent=19935"}],"wp:term":[{"taxonomy":"category","embeddable":true,"href":"https:\/\/www.ja-lesieur.com\/en\/wp-json\/wp\/v2\/categories?post=19935"},{"taxonomy":"post_tag","embeddable":true,"href":"https:\/\/www.ja-lesieur.com\/en\/wp-json\/wp\/v2\/tags?post=19935"}],"curies":[{"name":"wp","href":"https:\/\/api.w.org\/{rel}","templated":true}]}}