{"id":19958,"date":"2025-09-23T11:25:39","date_gmt":"2025-09-23T15:25:39","guid":{"rendered":"https:\/\/www.ja-lesieur.com\/m-andre-bourdon-1936-2025\/"},"modified":"2025-09-30T09:01:34","modified_gmt":"2025-09-30T13:01:34","slug":"m-andre-bourdon-1936-2025","status":"publish","type":"post","link":"https:\/\/www.ja-lesieur.com\/en\/m-andre-bourdon-1936-2025\/","title":{"rendered":"M. Andr\u00e9 Bourdon  1936-2025"},"content":{"rendered":"<p>C\u2019est avec regret que nous vous annon\u00e7ons le d\u00e9c\u00e8s de M. Andr\u00e9 Bourdon, survenu au Centre Marguerite Adam de Beloeil le 23 septembre 2025, \u00e0 l&#8217;\u00e2ge de 89 ans. Il \u00e9tait le fils de feu Yvonne Cadotte et de feu Joseph Bourdon.<\/p>\n<p>Il laisse dans le deuil ses enfants: Fran\u00e7ois Bourdon et Sylvie Bourdon (Mario Br\u00fbl\u00e9); sa tendre amie : Mme Lucette Bern\u00e8che; ses fr\u00e8res et s\u0153urs: Denise (feu Jean-Louis Lauzon), Ir\u00e8ne (Jean-Guy Leduc), Pierre (feu Rosaline Lavoie), Jacques (Francine Lamoureux), Odette, G\u00e9rard, feu Ren\u00e9e (feu Denis Letendre) ainsi que plusieurs neveux, ni\u00e8ces, autres parents et amis.<\/p>\n<p>Afin de respecter les derni\u00e8res volont\u00e9s de M. Bourdon, une c\u00e9r\u00e9monie aura lieu dans l\u2019intimit\u00e9 \u00e0 une date ult\u00e9rieure.<\/p>\n<p><strong>L&#8217;Aquamation a eu lieu au Bio-Cr\u00e9matorium du\u00a0:<\/strong><\/p>\n<p style=\"text-align: center;\"><strong>COMPLEXE FUN\u00c9RAIRE<\/strong><\/p>\n<p style=\"text-align: center;\"><strong>LE SIEUR<\/strong><\/p>\n<p style=\"text-align: center;\"><strong>60 Boul. Pie-IX, Granby, Qc,<\/strong><\/p>\n<p style=\"text-align: center;\"><strong>t\u00e9l: 450-777-1414 t\u00e9lec: 450-777-0999<\/strong><\/p>\n<p style=\"text-align: center;\"><strong>www.lesieur.ca &#8211; info@lesieur.ca<\/strong><\/p>\n<p style=\"text-align: center;\"><strong>Membre de la CTQ<\/strong><\/p>\n","protected":false},"excerpt":{"rendered":"<p>C\u2019est avec regret que nous vous annon\u00e7ons le d\u00e9c\u00e8s de M. Andr\u00e9 Bourdon, survenu au Centre Marguerite Adam de Beloeil le 23 septembre 2025, \u00e0 l&#8217;\u00e2ge de 89 ans. Il \u00e9tait le fils de feu Yvonne Cadotte et de feu Joseph Bourdon. Il laisse dans le deuil ses enfants: Fran\u00e7ois Bourdon et Sylvie Bourdon (Mario [&hellip;]<\/p>\n","protected":false},"author":8,"featured_media":19956,"comment_status":"closed","ping_status":"closed","sticky":false,"template":"","format":"standard","meta":{"_crdt_document":"","_jetpack_memberships_contains_paid_content":false,"footnotes":""},"categories":[97],"tags":[],"class_list":["post-19958","post","type-post","status-publish","format-standard","has-post-thumbnail","hentry","category-obituary"],"aioseo_notices":[],"jetpack_featured_media_url":"https:\/\/www.ja-lesieur.com\/wp-content\/uploads\/2025\/09\/andre-bourdon-carree-complexe-funeraire-lesieur-des-services-complets-scaled-e1759160001253.jpg","jetpack_sharing_enabled":true,"_links":{"self":[{"href":"https:\/\/www.ja-lesieur.com\/en\/wp-json\/wp\/v2\/posts\/19958","targetHints":{"allow":["GET"]}}],"collection":[{"href":"https:\/\/www.ja-lesieur.com\/en\/wp-json\/wp\/v2\/posts"}],"about":[{"href":"https:\/\/www.ja-lesieur.com\/en\/wp-json\/wp\/v2\/types\/post"}],"author":[{"embeddable":true,"href":"https:\/\/www.ja-lesieur.com\/en\/wp-json\/wp\/v2\/users\/8"}],"replies":[{"embeddable":true,"href":"https:\/\/www.ja-lesieur.com\/en\/wp-json\/wp\/v2\/comments?post=19958"}],"version-history":[{"count":1,"href":"https:\/\/www.ja-lesieur.com\/en\/wp-json\/wp\/v2\/posts\/19958\/revisions"}],"predecessor-version":[{"id":19968,"href":"https:\/\/www.ja-lesieur.com\/en\/wp-json\/wp\/v2\/posts\/19958\/revisions\/19968"}],"wp:featuredmedia":[{"embeddable":true,"href":"https:\/\/www.ja-lesieur.com\/en\/wp-json\/wp\/v2\/media\/19956"}],"wp:attachment":[{"href":"https:\/\/www.ja-lesieur.com\/en\/wp-json\/wp\/v2\/media?parent=19958"}],"wp:term":[{"taxonomy":"category","embeddable":true,"href":"https:\/\/www.ja-lesieur.com\/en\/wp-json\/wp\/v2\/categories?post=19958"},{"taxonomy":"post_tag","embeddable":true,"href":"https:\/\/www.ja-lesieur.com\/en\/wp-json\/wp\/v2\/tags?post=19958"}],"curies":[{"name":"wp","href":"https:\/\/api.w.org\/{rel}","templated":true}]}}