{"id":20037,"date":"2025-10-11T16:55:46","date_gmt":"2025-10-11T20:55:46","guid":{"rendered":"https:\/\/www.ja-lesieur.com\/mme-sylvie-tremblay-1962-2025\/"},"modified":"2025-10-11T16:55:46","modified_gmt":"2025-10-11T20:55:46","slug":"mme-sylvie-tremblay-1962-2025","status":"publish","type":"post","link":"https:\/\/www.ja-lesieur.com\/en\/mme-sylvie-tremblay-1962-2025\/","title":{"rendered":"Mme Sylvie Tremblay 1962-2025"},"content":{"rendered":"<p>Subitement, \u00e0 Granby, le 11 octobre 2025, \u00e0 l&#8217;\u00e2ge de 63 ans, est d\u00e9c\u00e9d\u00e9e M. Sylvie Tremblay, fille de feu Marie Thibault et de feu Roland Tremblay, demeurant \u00e0 Granby.<\/p>\n<p>Elle laisse dans le deuil ses enfants: Mattew Garneau (Yanina Munger), Vanessa Garneau (S\u00e9bastien C\u00f4t\u00e9), Marc-Olivier Therrien et Maxime Therrien; ses petits-enfants: Mia Garneau, F\u00e9lycia et \u00c9lie-Rose C\u00f4t\u00e9; ses fr\u00e8res et s\u0153urs: Jean-Marie (Solange Hamilton), No\u00eblline (Jeannot Labrie), Ginette, feu France, Louisette (Daniel Bouchard), Alain, Denise (Robert Roux), Denis (Jeannine Morin), Serge (Diane G\u00e9hu), Gilles, Th\u00e9r\u00e8se (Marius Jean), Johanne (Jean-Marc B\u00e9langer) et Andr\u00e9, ainsi que plusieurs neveux, ni\u00e8ces, cousins, cousines, autres parents et amis.<\/p>\n<p><strong>L\u2019inhumation se fera au Cimeti\u00e8re de Matane (sect. Saint-J\u00e9r\u00f4me), 385 St-R\u00e9dempteur, Matane QC,<\/strong> <strong>le samedi 1<sup>er<\/sup> novembre 2025 \u00e0 11 heures. La famille sera pr\u00e9sente \u00e0 partir de 10h45 directement au lot familial.<\/strong><\/p>\n<p><strong>L&#8217;Aquamation a eu lieu au Bio-Cr\u00e9matorium du\u00a0:<\/strong><\/p>\n<p style=\"text-align: center;\"><strong>COMPLEXE FUN\u00c9RAIRE<\/strong><\/p>\n<p style=\"text-align: center;\"><strong>LE SIEUR<\/strong><\/p>\n<p style=\"text-align: center;\"><strong>60 Boul. Pie-IX, Granby, Qc,<\/strong><\/p>\n<p style=\"text-align: center;\"><strong>T\u00e9l. : 450-777-1414 t\u00e9lec.: 450-777-0999<\/strong><\/p>\n<p style=\"text-align: center;\"><strong>www.lesieur.ca &#8211; info@lesieur.ca<\/strong><\/p>\n<p style=\"text-align: center;\"><strong>Membre de la CTQ<\/strong><\/p>\n","protected":false},"excerpt":{"rendered":"<p>Subitement, \u00e0 Granby, le 11 octobre 2025, \u00e0 l&#8217;\u00e2ge de 63 ans, est d\u00e9c\u00e9d\u00e9e M. Sylvie Tremblay, fille de feu Marie Thibault et de feu Roland Tremblay, demeurant \u00e0 Granby. Elle laisse dans le deuil ses enfants: Mattew Garneau (Yanina Munger), Vanessa Garneau (S\u00e9bastien C\u00f4t\u00e9), Marc-Olivier Therrien et Maxime Therrien; ses petits-enfants: Mia Garneau, F\u00e9lycia [&hellip;]<\/p>\n","protected":false},"author":8,"featured_media":20035,"comment_status":"closed","ping_status":"closed","sticky":false,"template":"","format":"standard","meta":{"_crdt_document":"","_jetpack_memberships_contains_paid_content":false,"footnotes":""},"categories":[97],"tags":[],"class_list":["post-20037","post","type-post","status-publish","format-standard","has-post-thumbnail","hentry","category-obituary"],"aioseo_notices":[],"jetpack_featured_media_url":"https:\/\/www.ja-lesieur.com\/wp-content\/uploads\/2025\/10\/sylvie-tremblay-carre-complexe-funeraire-lesieur-des-services-complets-e1760475679988.jpg","jetpack_sharing_enabled":true,"_links":{"self":[{"href":"https:\/\/www.ja-lesieur.com\/en\/wp-json\/wp\/v2\/posts\/20037","targetHints":{"allow":["GET"]}}],"collection":[{"href":"https:\/\/www.ja-lesieur.com\/en\/wp-json\/wp\/v2\/posts"}],"about":[{"href":"https:\/\/www.ja-lesieur.com\/en\/wp-json\/wp\/v2\/types\/post"}],"author":[{"embeddable":true,"href":"https:\/\/www.ja-lesieur.com\/en\/wp-json\/wp\/v2\/users\/8"}],"replies":[{"embeddable":true,"href":"https:\/\/www.ja-lesieur.com\/en\/wp-json\/wp\/v2\/comments?post=20037"}],"version-history":[{"count":0,"href":"https:\/\/www.ja-lesieur.com\/en\/wp-json\/wp\/v2\/posts\/20037\/revisions"}],"wp:featuredmedia":[{"embeddable":true,"href":"https:\/\/www.ja-lesieur.com\/en\/wp-json\/wp\/v2\/media\/20035"}],"wp:attachment":[{"href":"https:\/\/www.ja-lesieur.com\/en\/wp-json\/wp\/v2\/media?parent=20037"}],"wp:term":[{"taxonomy":"category","embeddable":true,"href":"https:\/\/www.ja-lesieur.com\/en\/wp-json\/wp\/v2\/categories?post=20037"},{"taxonomy":"post_tag","embeddable":true,"href":"https:\/\/www.ja-lesieur.com\/en\/wp-json\/wp\/v2\/tags?post=20037"}],"curies":[{"name":"wp","href":"https:\/\/api.w.org\/{rel}","templated":true}]}}