{"id":20256,"date":"2025-11-16T13:44:33","date_gmt":"2025-11-16T18:44:33","guid":{"rendered":"https:\/\/www.ja-lesieur.com\/m-lucien-landry-1938-2025\/"},"modified":"2025-11-22T16:25:32","modified_gmt":"2025-11-22T21:25:32","slug":"m-lucien-landry-1938-2025","status":"publish","type":"post","link":"https:\/\/www.ja-lesieur.com\/en\/m-lucien-landry-1938-2025\/","title":{"rendered":"M. Lucien Landry 1938-2025"},"content":{"rendered":"<p>\u00c0 St-Denis-de-La-Bouteillerie, le 16 novembre 2025, \u00e0 l&#8217;\u00e2ge de 87 ans, est d\u00e9c\u00e9d\u00e9 M. Lucien Landry, \u00e9poux de feu Claudette Chamberland, demeurant \u00e0 Qu\u00e9bec.<\/p>\n<p>Il laisse dans le deuil, ses fils Jean (Ann-France Desmeules), Fran\u00e7ois et son petit-fils Simon ainsi que Louise Leblanc.<\/p>\n<p>Il laisse aussi dans le deuil ses fr\u00e8res et soeurs :\u00a0Camile Landry (Th\u00e9r\u00e8se Picard), Berthe (feu Andr\u00e9 Comeau et feu Jean No\u00ebl Belcourt), Benoit,\u00a0 Suzanne (feu Charles Champagne) et\u00a0R\u00e9jean\u00a0(Jeannine Beaulieu).<\/p>\n<p>Il est all\u00e9 rejoindre ses fr\u00e8res et soeurs : Joseph, Rosa, Simon, Madeleine, R\u00e9jeanne, R\u00e9mi et Jean-Marie (Carole H\u00e9bert) qui l&#8217;ont pr\u00e9c\u00e9d\u00e9.<\/p>\n<p>Il laisse \u00e9galement dans le deuil, ses belles-soeurs et beaux-fr\u00e8res Claire Chamberland (Michel Mepham),\u00a0feu Yvon (feu Gis\u00e8le Malenfant), feu Marcelle (feu Cl\u00e9ment Landry), feu \u00c9tiennette (feu Jim Evans), feu Cl\u00e9ment (feu Monique Dancause), feu Yolande Chamberland (feu Guy Laplante), feu C\u00e9line (Roger O\u2019Neil), feu Rachel (G\u00e9rard Routhier).<\/p>\n<p>Sont aussi attrist\u00e9s par son d\u00e9part les familles Desmeules, Martel, Pelletier, et Jean-Marc D. (Robert), tous ses\u00a0neveux, ni\u00e8ces, cousins, cousines, autres parents et amis, tout particuli\u00e8rement tous ses amis de la Gr\u00e8ve.<\/p>\n<p>Une pens\u00e9e sp\u00e9ciale pour Timi.<\/p>\n<p>Une attention toute particuli\u00e8re pour Nathalie C., Jeannine et Jean-Fran\u00e7ois R.<\/p>\n<p><strong>L&#8217;Aquamation a eu lieu au Bio-Cr\u00e9matorium Le Sieur de Granby.<\/strong><\/p>\n<p><strong>COMPLEXE FUN\u00c9RAIRE<\/strong><\/p>\n<p><strong>LESIEUR<\/strong><\/p>\n<p><strong>60 Boul. Pie IX, Granby, Qc,<\/strong><\/p>\n<p><strong>t\u00e9l: 450-777-1414 t\u00e9lec: 450-777-0999<\/strong><\/p>\n<p><strong>www.lesieur.ca &#8211; info<span class=\"atwho-query\">@lesieur.ca<\/span><\/strong><\/p>\n<p><strong>Membre de la CTQ<\/strong><\/p>\n<p>Afin de respecter les derni\u00e8res volont\u00e9s de M. Lucien Landry, il n&#8217;y aura pas d&#8217;exposition. Un bel hommage lui sera rendu \u00e0 St-Denis au printemps-\u00e9t\u00e9 2026.<\/p>\n","protected":false},"excerpt":{"rendered":"<p>\u00c0 St-Denis-de-La-Bouteillerie, le 16 novembre 2025, \u00e0 l&#8217;\u00e2ge de 87 ans, est d\u00e9c\u00e9d\u00e9 M. Lucien Landry, \u00e9poux de feu Claudette Chamberland, demeurant \u00e0 Qu\u00e9bec. Il laisse dans le deuil, ses fils Jean (Ann-France Desmeules), Fran\u00e7ois et son petit-fils Simon ainsi que Louise Leblanc. Il laisse aussi dans le deuil ses fr\u00e8res et soeurs :\u00a0Camile Landry [&hellip;]<\/p>\n","protected":false},"author":1,"featured_media":20254,"comment_status":"closed","ping_status":"closed","sticky":false,"template":"","format":"standard","meta":{"_crdt_document":"","_jetpack_memberships_contains_paid_content":false,"footnotes":""},"categories":[97],"tags":[],"class_list":["post-20256","post","type-post","status-publish","format-standard","has-post-thumbnail","hentry","category-obituary"],"aioseo_notices":[],"jetpack_featured_media_url":"https:\/\/www.ja-lesieur.com\/wp-content\/uploads\/2025\/11\/lucien-landry-carre-complexe-funeraire-lesieur-des-services-complets-1-scaled-e1763830692548.jpg","jetpack_sharing_enabled":true,"_links":{"self":[{"href":"https:\/\/www.ja-lesieur.com\/en\/wp-json\/wp\/v2\/posts\/20256","targetHints":{"allow":["GET"]}}],"collection":[{"href":"https:\/\/www.ja-lesieur.com\/en\/wp-json\/wp\/v2\/posts"}],"about":[{"href":"https:\/\/www.ja-lesieur.com\/en\/wp-json\/wp\/v2\/types\/post"}],"author":[{"embeddable":true,"href":"https:\/\/www.ja-lesieur.com\/en\/wp-json\/wp\/v2\/users\/1"}],"replies":[{"embeddable":true,"href":"https:\/\/www.ja-lesieur.com\/en\/wp-json\/wp\/v2\/comments?post=20256"}],"version-history":[{"count":2,"href":"https:\/\/www.ja-lesieur.com\/en\/wp-json\/wp\/v2\/posts\/20256\/revisions"}],"predecessor-version":[{"id":20259,"href":"https:\/\/www.ja-lesieur.com\/en\/wp-json\/wp\/v2\/posts\/20256\/revisions\/20259"}],"wp:featuredmedia":[{"embeddable":true,"href":"https:\/\/www.ja-lesieur.com\/en\/wp-json\/wp\/v2\/media\/20254"}],"wp:attachment":[{"href":"https:\/\/www.ja-lesieur.com\/en\/wp-json\/wp\/v2\/media?parent=20256"}],"wp:term":[{"taxonomy":"category","embeddable":true,"href":"https:\/\/www.ja-lesieur.com\/en\/wp-json\/wp\/v2\/categories?post=20256"},{"taxonomy":"post_tag","embeddable":true,"href":"https:\/\/www.ja-lesieur.com\/en\/wp-json\/wp\/v2\/tags?post=20256"}],"curies":[{"name":"wp","href":"https:\/\/api.w.org\/{rel}","templated":true}]}}