{"id":20348,"date":"2025-11-30T16:15:44","date_gmt":"2025-11-30T21:15:44","guid":{"rendered":"https:\/\/www.ja-lesieur.com\/m-martin-benz-1946-2025\/"},"modified":"2025-12-13T13:04:05","modified_gmt":"2025-12-13T18:04:05","slug":"m-martin-benz-1946-2025","status":"publish","type":"post","link":"https:\/\/www.ja-lesieur.com\/en\/m-martin-benz-1946-2025\/","title":{"rendered":"M. Martin Benz 1946-2025"},"content":{"rendered":"<p>\u00c0 la Maison Au Diapason de Bromont, le 30 novembre 2025, \u00e0 l&#8217;\u00e2ge de 79 ans, est d\u00e9c\u00e9d\u00e9 M. Martin Benz, \u00e9poux de Diane Charest, demeurant \u00e0 Granby.<\/p>\n<p>Outre son \u00e9pouse Diane, il laisse dans le deuil ses enfants: Fr\u00e9d\u00e9ric (Lucie Fuzeau), Nicolas (Isabelle C\u00f4t\u00e9), Heidi (S\u00e9bastien Hermier), ses petits-enfants: Luca et Ma\u00efa Benz, Charlie et L\u00e9o Hermier, il \u00e9tait le fr\u00e8re de: feu Ernst (Tabea), Albert (Louise), Christina (Samuel), Sonja et le beau-fr\u00e8re de: feu Yves (feu Nicole), Jacques (Ghislaine), feu Louise (feu Michel), laisse \u00e9galement plusieurs neveux, ni\u00e8ces du Qu\u00e9bec et de la Suisse, autres parents et ami(e)s.<\/p>\n<p><strong>L&#8217;Aquamation a eu lieu au Bio-Cr\u00e9matorium Le Sieur de Granby.<\/strong><\/p>\n<p><strong>La famille recevra les t\u00e9moignages de sympathie \u00e0 compter 9 heures, le samedi 13 d\u00e9cembre 2025, journ\u00e9e de la c\u00e9r\u00e9monie au Complexe Fun\u00e9raire:<\/strong><\/p>\n<p><strong>COMPLEXE FUN\u00c9RAIRE<\/strong><\/p>\n<p><strong>LESIEUR<\/strong><\/p>\n<p><strong>60 Boul. Pie IX, Granby, Qc,<\/strong><\/p>\n<p><strong>t\u00e9l: 450-777-1414 t\u00e9lec: 450-777-0999<\/strong><\/p>\n<p><strong>www.lesieur.ca &#8211; info@lesieur.ca<\/strong><\/p>\n<p><strong>Membre de la CTQ<\/strong><\/p>\n<p>L\u2019Hommage \u00e0 la Vie aura lieu ce m\u00eame samedi \u00e0 11 heures, en la Chapelle Le Sieur, suivi de la l\u2019inhumation au cimeti\u00e8re Pinewood \u00e0 une date ult\u00e9rieure.<\/p>\n<p>La famille d\u00e9sire remercier le personnel du Diapason, d&#8217;oncologie du CHG et du CLSC de Granby pour les bons soins prodigu\u00e9s \u00e0 M. Benz.<\/p>\n<p>Des dons \u00e0 la Fondation Au Diapason seraient appr\u00e9ci\u00e9s. <a href=\"http:\/\/www.audiapason.org\">www.audiapason.org<\/a><\/p>\n<p>&nbsp;<\/p>\n<p>Pour visionner la c\u00e9r\u00e9monie, cliquez sur le lien suivant :\u00a0<a href=\"https:\/\/www.youtube.com\/watch?v=QI38GU3rvqg\">https:\/\/www.youtube.com\/watch?v=QI38GU3rvqg<\/a><\/p>\n<p>&nbsp;<\/p>\n","protected":false},"excerpt":{"rendered":"<p>\u00c0 la Maison Au Diapason de Bromont, le 30 novembre 2025, \u00e0 l&#8217;\u00e2ge de 79 ans, est d\u00e9c\u00e9d\u00e9 M. Martin Benz, \u00e9poux de Diane Charest, demeurant \u00e0 Granby. Outre son \u00e9pouse Diane, il laisse dans le deuil ses enfants: Fr\u00e9d\u00e9ric (Lucie Fuzeau), Nicolas (Isabelle C\u00f4t\u00e9), Heidi (S\u00e9bastien Hermier), ses petits-enfants: Luca et Ma\u00efa Benz, Charlie [&hellip;]<\/p>\n","protected":false},"author":1,"featured_media":20346,"comment_status":"closed","ping_status":"closed","sticky":false,"template":"","format":"standard","meta":{"_crdt_document":"","_jetpack_memberships_contains_paid_content":false,"footnotes":""},"categories":[97],"tags":[],"class_list":["post-20348","post","type-post","status-publish","format-standard","has-post-thumbnail","hentry","category-obituary"],"aioseo_notices":[],"jetpack_featured_media_url":"https:\/\/www.ja-lesieur.com\/wp-content\/uploads\/2025\/12\/martin-benz-carre-complexe-funeraire-lesieur-des-services-complets-e1764796516798.jpg","jetpack_sharing_enabled":true,"_links":{"self":[{"href":"https:\/\/www.ja-lesieur.com\/en\/wp-json\/wp\/v2\/posts\/20348","targetHints":{"allow":["GET"]}}],"collection":[{"href":"https:\/\/www.ja-lesieur.com\/en\/wp-json\/wp\/v2\/posts"}],"about":[{"href":"https:\/\/www.ja-lesieur.com\/en\/wp-json\/wp\/v2\/types\/post"}],"author":[{"embeddable":true,"href":"https:\/\/www.ja-lesieur.com\/en\/wp-json\/wp\/v2\/users\/1"}],"replies":[{"embeddable":true,"href":"https:\/\/www.ja-lesieur.com\/en\/wp-json\/wp\/v2\/comments?post=20348"}],"version-history":[{"count":2,"href":"https:\/\/www.ja-lesieur.com\/en\/wp-json\/wp\/v2\/posts\/20348\/revisions"}],"predecessor-version":[{"id":20588,"href":"https:\/\/www.ja-lesieur.com\/en\/wp-json\/wp\/v2\/posts\/20348\/revisions\/20588"}],"wp:featuredmedia":[{"embeddable":true,"href":"https:\/\/www.ja-lesieur.com\/en\/wp-json\/wp\/v2\/media\/20346"}],"wp:attachment":[{"href":"https:\/\/www.ja-lesieur.com\/en\/wp-json\/wp\/v2\/media?parent=20348"}],"wp:term":[{"taxonomy":"category","embeddable":true,"href":"https:\/\/www.ja-lesieur.com\/en\/wp-json\/wp\/v2\/categories?post=20348"},{"taxonomy":"post_tag","embeddable":true,"href":"https:\/\/www.ja-lesieur.com\/en\/wp-json\/wp\/v2\/tags?post=20348"}],"curies":[{"name":"wp","href":"https:\/\/api.w.org\/{rel}","templated":true}]}}