{"id":20576,"date":"2025-12-06T12:05:34","date_gmt":"2025-12-06T17:05:34","guid":{"rendered":"https:\/\/www.ja-lesieur.com\/m-gaston-bernier-1935-2025\/"},"modified":"2025-12-21T16:34:47","modified_gmt":"2025-12-21T21:34:47","slug":"m-gaston-bernier-1935-2025","status":"publish","type":"post","link":"https:\/\/www.ja-lesieur.com\/en\/m-gaston-bernier-1935-2025\/","title":{"rendered":"M. Gaston Bernier 1935-2025"},"content":{"rendered":"<p>\u00c0 Longueuil, le 6 d\u00e9cembre 2025, \u00e0 l&#8217;\u00e2ge de 90 ans, est d\u00e9c\u00e9d\u00e9 M. Gaston Bernier, \u00e9poux de feu R\u00e9jeanne Rodier, demeurant \u00e0 Longueuil.<\/p>\n<p>Il laisse dans le deuil ses enfants: Guylaine (Sylvain), Jocelyn, Lyne (Sylvain), Jos\u00e9e (Normand), Pascal (Natasha), ses 6 petits-enfants et arri\u00e8re-petits-enfants, ses fr\u00e8res et soeurs: Jeanne D&#8217;Arc (Pierre Girard), Yvon (feu Claire M\u00e9nard), Colette (feu Gilles Le Sieur), Fran\u00e7ois (Louise B\u00e9rard), il \u00e9tait le fr\u00e8re de feu Rh\u00e9aume, de feu Ga\u00e9tan (feu Claire Parent), feu Rock-Jean (feu Simonne Lussier), feu Guy et feu Daniel. Il laisse \u00e9galement plusieurs beaux-fr\u00e8res, belles-soeurs, neveux, ni\u00e8ces, autres parents et amis.<\/p>\n<p><strong>L&#8217;Aquamation a eu lieu au Bio-Cr\u00e9matorium Le Sieur de Granby.<\/strong><\/p>\n<p><strong>La famille recevra les t\u00e9moignages de sympathie \u00e0 compter de 13 heures, le dimanche 21 d\u00e9cembre 2025, journ\u00e9e de la c\u00e9r\u00e9monie au Complexe Fun\u00e9raire Le Sieur:<\/strong><\/p>\n<p><strong>COMPLEXE FUN\u00c9RAIRE<\/strong><\/p>\n<p><strong>LESIEUR<\/strong><\/p>\n<p><strong>60 Boul. Pie IX, Granby, Qc,<\/strong><\/p>\n<p><strong>t\u00e9l: 450-777-1414 t\u00e9lec: 450-777-0999<\/strong><\/p>\n<p><strong>www.lesieur.ca &#8211; info@lesieur.ca<\/strong><\/p>\n<p><strong>Membre de la CTQ<\/strong><\/p>\n<p>L\u2019Hommage \u00e8 la Vie aura lieu ce m\u00eame dimanche \u00e0 15 heures, en la Chapelle Le Sieur, suivi de la mise en place au Columbarium Le Sieur.<\/p>\n<p>Voici le lien pour voir la c\u00e9r\u00e9monie:<\/p>\n<p><iframe loading=\"lazy\" title=\"C\u00e9r\u00e9monie fun\u00e9raire de Gaston Bernier\" width=\"1170\" height=\"658\" src=\"https:\/\/www.youtube.com\/embed\/BdyKK-odCic?feature=oembed\" frameborder=\"0\" allow=\"accelerometer; autoplay; clipboard-write; encrypted-media; gyroscope; picture-in-picture; web-share\" referrerpolicy=\"strict-origin-when-cross-origin\" allowfullscreen><\/iframe><\/p>\n","protected":false},"excerpt":{"rendered":"<p>\u00c0 Longueuil, le 6 d\u00e9cembre 2025, \u00e0 l&#8217;\u00e2ge de 90 ans, est d\u00e9c\u00e9d\u00e9 M. Gaston Bernier, \u00e9poux de feu R\u00e9jeanne Rodier, demeurant \u00e0 Longueuil. Il laisse dans le deuil ses enfants: Guylaine (Sylvain), Jocelyn, Lyne (Sylvain), Jos\u00e9e (Normand), Pascal (Natasha), ses 6 petits-enfants et arri\u00e8re-petits-enfants, ses fr\u00e8res et soeurs: Jeanne D&#8217;Arc (Pierre Girard), Yvon (feu [&hellip;]<\/p>\n","protected":false},"author":1,"featured_media":20574,"comment_status":"closed","ping_status":"closed","sticky":false,"template":"","format":"standard","meta":{"_crdt_document":"","_jetpack_memberships_contains_paid_content":false,"footnotes":""},"categories":[97],"tags":[],"class_list":["post-20576","post","type-post","status-publish","format-standard","has-post-thumbnail","hentry","category-obituary"],"aioseo_notices":[],"jetpack_featured_media_url":"https:\/\/www.ja-lesieur.com\/wp-content\/uploads\/2025\/12\/gaston-bernier-carre-complexe-funeraire-lesieur-des-services-complets-scaled-e1765386322480.jpg","jetpack_sharing_enabled":true,"_links":{"self":[{"href":"https:\/\/www.ja-lesieur.com\/en\/wp-json\/wp\/v2\/posts\/20576","targetHints":{"allow":["GET"]}}],"collection":[{"href":"https:\/\/www.ja-lesieur.com\/en\/wp-json\/wp\/v2\/posts"}],"about":[{"href":"https:\/\/www.ja-lesieur.com\/en\/wp-json\/wp\/v2\/types\/post"}],"author":[{"embeddable":true,"href":"https:\/\/www.ja-lesieur.com\/en\/wp-json\/wp\/v2\/users\/1"}],"replies":[{"embeddable":true,"href":"https:\/\/www.ja-lesieur.com\/en\/wp-json\/wp\/v2\/comments?post=20576"}],"version-history":[{"count":2,"href":"https:\/\/www.ja-lesieur.com\/en\/wp-json\/wp\/v2\/posts\/20576\/revisions"}],"predecessor-version":[{"id":20604,"href":"https:\/\/www.ja-lesieur.com\/en\/wp-json\/wp\/v2\/posts\/20576\/revisions\/20604"}],"wp:featuredmedia":[{"embeddable":true,"href":"https:\/\/www.ja-lesieur.com\/en\/wp-json\/wp\/v2\/media\/20574"}],"wp:attachment":[{"href":"https:\/\/www.ja-lesieur.com\/en\/wp-json\/wp\/v2\/media?parent=20576"}],"wp:term":[{"taxonomy":"category","embeddable":true,"href":"https:\/\/www.ja-lesieur.com\/en\/wp-json\/wp\/v2\/categories?post=20576"},{"taxonomy":"post_tag","embeddable":true,"href":"https:\/\/www.ja-lesieur.com\/en\/wp-json\/wp\/v2\/tags?post=20576"}],"curies":[{"name":"wp","href":"https:\/\/api.w.org\/{rel}","templated":true}]}}