{"id":20626,"date":"2025-12-18T16:46:24","date_gmt":"2025-12-18T21:46:24","guid":{"rendered":"https:\/\/www.ja-lesieur.com\/m-jacques-demers-1961-2025\/"},"modified":"2025-12-18T16:46:24","modified_gmt":"2025-12-18T21:46:24","slug":"m-jacques-demers-1961-2025","status":"publish","type":"post","link":"https:\/\/www.ja-lesieur.com\/en\/m-jacques-demers-1961-2025\/","title":{"rendered":"M. Jacques Demers 1961-2025"},"content":{"rendered":"<p>Au Centre hospitalier Pierre-Boucher, le 18 d\u00e9cembre 2025, \u00e0 l&#8217;\u00e2ge de 64 ans, est d\u00e9c\u00e9d\u00e9 M. Jacques Demers, fils de feu Anita Archambault et de feu Henri-Paul Demers, demeurant \u00e0 Longueuil.<\/p>\n<p>Il laisse dans le deuil ses fr\u00e8res et s\u0153urs: Lucie, Luc (Claudine), Louise (feu Denis Brin), Pierre (Sylvie Auger), Andr\u00e9 (France Verger), Guy (Louise), Denis (Johanne Prevost) ainsi que plusieurs neveux, ni\u00e8ces, autres parents et de nombreux amis.<\/p>\n<p>Afin de respecter les derni\u00e8res volont\u00e9s de M. Demers, une c\u00e9r\u00e9monie priv\u00e9e aura lieu dans la plus stricte intimit\u00e9 \u00e0 une date ult\u00e9rieure.<\/p>\n<p><strong>L&#8217;Aquamation a eu lieu au Bio-Cr\u00e9matorium Le Sieur de Granby.<\/strong><\/p>\n<p style=\"text-align: center;\"><strong>COMPLEXE FUN\u00c9RAIRE<\/strong><\/p>\n<p style=\"text-align: center;\"><strong>LE SIEUR<\/strong><\/p>\n<p style=\"text-align: center;\"><strong>60 Boul. Pie-IX, Granby, Qc,<\/strong><\/p>\n<p style=\"text-align: center;\"><strong>T\u00e9l.: 450-777-1414 t\u00e9lec.: 450-777-0999<\/strong><\/p>\n<p style=\"text-align: center;\"><strong>www.lesieur.ca &#8211; info@lesieur.ca<\/strong><\/p>\n<p style=\"text-align: center;\"><strong>Membre de la CTQ<\/strong><\/p>\n","protected":false},"excerpt":{"rendered":"<p>Au Centre hospitalier Pierre-Boucher, le 18 d\u00e9cembre 2025, \u00e0 l&#8217;\u00e2ge de 64 ans, est d\u00e9c\u00e9d\u00e9 M. Jacques Demers, fils de feu Anita Archambault et de feu Henri-Paul Demers, demeurant \u00e0 Longueuil. Il laisse dans le deuil ses fr\u00e8res et s\u0153urs: Lucie, Luc (Claudine), Louise (feu Denis Brin), Pierre (Sylvie Auger), Andr\u00e9 (France Verger), Guy (Louise), [&hellip;]<\/p>\n","protected":false},"author":8,"featured_media":20624,"comment_status":"closed","ping_status":"closed","sticky":false,"template":"","format":"standard","meta":{"_crdt_document":"","_jetpack_memberships_contains_paid_content":false,"footnotes":""},"categories":[97],"tags":[],"class_list":["post-20626","post","type-post","status-publish","format-standard","has-post-thumbnail","hentry","category-obituary"],"aioseo_notices":[],"jetpack_featured_media_url":"https:\/\/www.ja-lesieur.com\/wp-content\/uploads\/2025\/12\/jacques-demers-carre-complexe-funeraire-lesieur-des-services-complets-e1766526497814.jpg","jetpack_sharing_enabled":true,"_links":{"self":[{"href":"https:\/\/www.ja-lesieur.com\/en\/wp-json\/wp\/v2\/posts\/20626","targetHints":{"allow":["GET"]}}],"collection":[{"href":"https:\/\/www.ja-lesieur.com\/en\/wp-json\/wp\/v2\/posts"}],"about":[{"href":"https:\/\/www.ja-lesieur.com\/en\/wp-json\/wp\/v2\/types\/post"}],"author":[{"embeddable":true,"href":"https:\/\/www.ja-lesieur.com\/en\/wp-json\/wp\/v2\/users\/8"}],"replies":[{"embeddable":true,"href":"https:\/\/www.ja-lesieur.com\/en\/wp-json\/wp\/v2\/comments?post=20626"}],"version-history":[{"count":0,"href":"https:\/\/www.ja-lesieur.com\/en\/wp-json\/wp\/v2\/posts\/20626\/revisions"}],"wp:featuredmedia":[{"embeddable":true,"href":"https:\/\/www.ja-lesieur.com\/en\/wp-json\/wp\/v2\/media\/20624"}],"wp:attachment":[{"href":"https:\/\/www.ja-lesieur.com\/en\/wp-json\/wp\/v2\/media?parent=20626"}],"wp:term":[{"taxonomy":"category","embeddable":true,"href":"https:\/\/www.ja-lesieur.com\/en\/wp-json\/wp\/v2\/categories?post=20626"},{"taxonomy":"post_tag","embeddable":true,"href":"https:\/\/www.ja-lesieur.com\/en\/wp-json\/wp\/v2\/tags?post=20626"}],"curies":[{"name":"wp","href":"https:\/\/api.w.org\/{rel}","templated":true}]}}