{"id":20726,"date":"2026-01-09T16:47:24","date_gmt":"2026-01-09T21:47:24","guid":{"rendered":"https:\/\/www.ja-lesieur.com\/m-andre-bouboule-stratford-1964-2026\/"},"modified":"2026-01-09T16:47:24","modified_gmt":"2026-01-09T21:47:24","slug":"m-andre-bouboule-stratford-1964-2026","status":"publish","type":"post","link":"https:\/\/www.ja-lesieur.com\/en\/m-andre-bouboule-stratford-1964-2026\/","title":{"rendered":"M. Andr\u00e9 (Bouboule) Stratford, 1964-2026"},"content":{"rendered":"<p>&nbsp;<\/p>\n<p>\u00c0 Granby, le 9 janvier 2026, \u00e0 l&#8217;\u00e2ge de 61 ans, est d\u00e9c\u00e9d\u00e9 M. Andr\u00e9 Stratford, demeurant \u00e0 Granby.<\/p>\n<p>Il laisse dans le deuil sa grande amie Dominique, ses fr\u00e8res et s\u0153urs, neveux et ni\u00e8ces, cousins et cousines ainsi que ses amis.<\/p>\n<p>Un merci sp\u00e9cial au docteur Robert St-Onge pour sa pr\u00e9sence jusqu&#8217;\u00e0 la fin.<\/p>\n<p>En respect des volont\u00e9s de M. Stratford, il n&#8217;y aura pas d&#8217;exposition, la famille lui rendra hommage en priv\u00e9.<\/p>\n<p><strong>L&#8217;Aquamation a eu lieu au Bio-Cr\u00e9matorium Le Sieur de Granby.<\/strong><\/p>\n<p style=\"text-align: center;\"><strong>COMPLEXE FUN\u00c9RAIRE<\/strong><\/p>\n<p style=\"text-align: center;\"><strong>LESIEUR<\/strong><\/p>\n<p style=\"text-align: center;\"><strong>60 Boul. Pie IX, Granby, Qc,<\/strong><\/p>\n<p style=\"text-align: center;\"><strong>t\u00e9l: 450-777-1414<\/strong><\/p>\n<p style=\"text-align: center;\"><strong>www.lesieur.ca &#8211; info@lesieur.ca<\/strong><\/p>\n<p style=\"text-align: center;\"><strong>Membre de la CTQ<\/strong><\/p>\n","protected":false},"excerpt":{"rendered":"<p>&nbsp; \u00c0 Granby, le 9 janvier 2026, \u00e0 l&#8217;\u00e2ge de 61 ans, est d\u00e9c\u00e9d\u00e9 M. Andr\u00e9 Stratford, demeurant \u00e0 Granby. Il laisse dans le deuil sa grande amie Dominique, ses fr\u00e8res et s\u0153urs, neveux et ni\u00e8ces, cousins et cousines ainsi que ses amis. Un merci sp\u00e9cial au docteur Robert St-Onge pour sa pr\u00e9sence jusqu&#8217;\u00e0 la [&hellip;]<\/p>\n","protected":false},"author":8,"featured_media":20722,"comment_status":"closed","ping_status":"closed","sticky":false,"template":"","format":"standard","meta":{"_crdt_document":"","_jetpack_memberships_contains_paid_content":false,"footnotes":""},"categories":[97],"tags":[],"class_list":["post-20726","post","type-post","status-publish","format-standard","has-post-thumbnail","hentry","category-obituary"],"aioseo_notices":[],"jetpack_featured_media_url":"https:\/\/www.ja-lesieur.com\/wp-content\/uploads\/2026\/01\/andre-stratford-carre-complexe-funeraire-lesieur-des-services-complets-e1767995093742.jpg","jetpack_sharing_enabled":true,"_links":{"self":[{"href":"https:\/\/www.ja-lesieur.com\/en\/wp-json\/wp\/v2\/posts\/20726","targetHints":{"allow":["GET"]}}],"collection":[{"href":"https:\/\/www.ja-lesieur.com\/en\/wp-json\/wp\/v2\/posts"}],"about":[{"href":"https:\/\/www.ja-lesieur.com\/en\/wp-json\/wp\/v2\/types\/post"}],"author":[{"embeddable":true,"href":"https:\/\/www.ja-lesieur.com\/en\/wp-json\/wp\/v2\/users\/8"}],"replies":[{"embeddable":true,"href":"https:\/\/www.ja-lesieur.com\/en\/wp-json\/wp\/v2\/comments?post=20726"}],"version-history":[{"count":0,"href":"https:\/\/www.ja-lesieur.com\/en\/wp-json\/wp\/v2\/posts\/20726\/revisions"}],"wp:featuredmedia":[{"embeddable":true,"href":"https:\/\/www.ja-lesieur.com\/en\/wp-json\/wp\/v2\/media\/20722"}],"wp:attachment":[{"href":"https:\/\/www.ja-lesieur.com\/en\/wp-json\/wp\/v2\/media?parent=20726"}],"wp:term":[{"taxonomy":"category","embeddable":true,"href":"https:\/\/www.ja-lesieur.com\/en\/wp-json\/wp\/v2\/categories?post=20726"},{"taxonomy":"post_tag","embeddable":true,"href":"https:\/\/www.ja-lesieur.com\/en\/wp-json\/wp\/v2\/tags?post=20726"}],"curies":[{"name":"wp","href":"https:\/\/api.w.org\/{rel}","templated":true}]}}