{"id":20901,"date":"2026-01-28T18:00:51","date_gmt":"2026-01-28T23:00:51","guid":{"rendered":"https:\/\/www.ja-lesieur.com\/mme-paquerette-gobeil-1936-2026\/"},"modified":"2026-01-28T18:00:51","modified_gmt":"2026-01-28T23:00:51","slug":"mme-paquerette-gobeil-1936-2026","status":"publish","type":"post","link":"https:\/\/www.ja-lesieur.com\/en\/mme-paquerette-gobeil-1936-2026\/","title":{"rendered":"Mme P\u00e2querette Gobeil 1936-2026"},"content":{"rendered":"<p>\u00c0 Granby, le 28 janvier 2026, \u00e0 l&#8217;\u00e2ge de 89 ans, est d\u00e9c\u00e9d\u00e9e Mme P\u00e2querette Gobeil, demeurant \u00e0 Granby.<\/p>\n<p>Elle laisse dans le deuil ses enfants: Claude (Sylvie), Marc (Francine), Denis, Linda (Robert), H\u00e9l\u00e8ne (C\u00e9line) et Denis M. (Nathalie) et leur p\u00e8re G\u00e9rald Bigeault (France); ses petits-enfants : Pascal, \u00c9ric, Steven, Lucie, Steve, David, C\u00e9dric, Val\u00e9rie, Emanuelle, Sonia et \u00c9ric et leur conjoint ainsi que ses arri\u00e8re-petits-enfants, autres parents et amis.<\/p>\n<p>La famille tient \u00e0 remercier les membres du personnel du Centre d&#8217;h\u00e9bergement Louis G. Choini\u00e8re pour leur accompagnement, leur empathie et les soins prodigu\u00e9s.\u00a0 \u00a0<strong>\u00a0 <\/strong><\/p>\n<p>La famille rendra hommage \u00e0 Madame Gobeil \u00e0 une date ult\u00e9rieure.<\/p>\n<p><strong>L&#8217;Aquamation a eu lieu au Bio-Cr\u00e9matorium Le Sieur de Granby.<\/strong><\/p>\n<p style=\"text-align: center;\"><strong>COMPLEXE FUN\u00c9RAIRE<\/strong><\/p>\n<p style=\"text-align: center;\"><strong>LE SIEUR<\/strong><\/p>\n<p style=\"text-align: center;\"><strong>60 Boul. Pie-IX, Granby, Qc,<\/strong><\/p>\n<p style=\"text-align: center;\"><strong>T\u00e9l. : 450-777-1414<\/strong><\/p>\n<p style=\"text-align: center;\"><strong>www.lesieur.ca &#8211; info@lesieur.ca<\/strong><\/p>\n<p style=\"text-align: center;\"><strong>Membre de la CTQ<\/strong><\/p>\n","protected":false},"excerpt":{"rendered":"<p>\u00c0 Granby, le 28 janvier 2026, \u00e0 l&#8217;\u00e2ge de 89 ans, est d\u00e9c\u00e9d\u00e9e Mme P\u00e2querette Gobeil, demeurant \u00e0 Granby. Elle laisse dans le deuil ses enfants: Claude (Sylvie), Marc (Francine), Denis, Linda (Robert), H\u00e9l\u00e8ne (C\u00e9line) et Denis M. (Nathalie) et leur p\u00e8re G\u00e9rald Bigeault (France); ses petits-enfants : Pascal, \u00c9ric, Steven, Lucie, Steve, David, C\u00e9dric, [&hellip;]<\/p>\n","protected":false},"author":8,"featured_media":20899,"comment_status":"closed","ping_status":"closed","sticky":false,"template":"","format":"standard","meta":{"_crdt_document":"","_jetpack_memberships_contains_paid_content":false,"footnotes":""},"categories":[97],"tags":[],"class_list":["post-20901","post","type-post","status-publish","format-standard","has-post-thumbnail","hentry","category-obituary"],"aioseo_notices":[],"jetpack_featured_media_url":"https:\/\/www.ja-lesieur.com\/wp-content\/uploads\/2026\/01\/paquerette-gobeil-carree-complexe-funeraire-lesieur-des-services-complets-e1769815722491.jpg","jetpack_sharing_enabled":true,"_links":{"self":[{"href":"https:\/\/www.ja-lesieur.com\/en\/wp-json\/wp\/v2\/posts\/20901","targetHints":{"allow":["GET"]}}],"collection":[{"href":"https:\/\/www.ja-lesieur.com\/en\/wp-json\/wp\/v2\/posts"}],"about":[{"href":"https:\/\/www.ja-lesieur.com\/en\/wp-json\/wp\/v2\/types\/post"}],"author":[{"embeddable":true,"href":"https:\/\/www.ja-lesieur.com\/en\/wp-json\/wp\/v2\/users\/8"}],"replies":[{"embeddable":true,"href":"https:\/\/www.ja-lesieur.com\/en\/wp-json\/wp\/v2\/comments?post=20901"}],"version-history":[{"count":0,"href":"https:\/\/www.ja-lesieur.com\/en\/wp-json\/wp\/v2\/posts\/20901\/revisions"}],"wp:featuredmedia":[{"embeddable":true,"href":"https:\/\/www.ja-lesieur.com\/en\/wp-json\/wp\/v2\/media\/20899"}],"wp:attachment":[{"href":"https:\/\/www.ja-lesieur.com\/en\/wp-json\/wp\/v2\/media?parent=20901"}],"wp:term":[{"taxonomy":"category","embeddable":true,"href":"https:\/\/www.ja-lesieur.com\/en\/wp-json\/wp\/v2\/categories?post=20901"},{"taxonomy":"post_tag","embeddable":true,"href":"https:\/\/www.ja-lesieur.com\/en\/wp-json\/wp\/v2\/tags?post=20901"}],"curies":[{"name":"wp","href":"https:\/\/api.w.org\/{rel}","templated":true}]}}