{"id":21203,"date":"2026-03-05T14:55:38","date_gmt":"2026-03-05T19:55:38","guid":{"rendered":"https:\/\/www.ja-lesieur.com\/mme-claire-demers-1955-2026\/"},"modified":"2026-03-10T16:58:56","modified_gmt":"2026-03-10T20:58:56","slug":"mme-claire-demers-1955-2026","status":"publish","type":"post","link":"https:\/\/www.ja-lesieur.com\/en\/mme-claire-demers-1955-2026\/","title":{"rendered":"Mme Claire Demers 1955-2026"},"content":{"rendered":"<p>Paisiblement, \u00e0 son domicile, le 5 mars 2026, \u00e0 l&#8217;\u00e2ge de 70 ans, est d\u00e9c\u00e9d\u00e9e Mme Claire Demers, fille de feu Lucette Laporte et de feu Maurice Demers, demeurant \u00e0 Qu\u00e9bec.<\/p>\n<p>Elle laisse dans le deuil ses fr\u00e8res et s\u0153urs: Jean-Guy (Brigitte Roy), Marie, Sylvane (Alain Therrien), H\u00e9l\u00e8ne, Jacques (Anne Gagnon), Robert (Jany Renaud) ainsi que plusieurs neveux, ni\u00e8ces, autres parents et de nombreux amis.<\/p>\n<p>Une c\u00e9r\u00e9monie en sa m\u00e9moire aura lieu plus tard au printemps. Surveillez les publications ult\u00e9rieures pour les d\u00e9tails.<\/p>\n<p><strong>L&#8217;Aquamation a eu lieu au Bio-Cr\u00e9matorium du\u00a0:<\/strong><\/p>\n<p style=\"text-align: center;\"><strong>COMPLEXE FUN\u00c9RAIRE<\/strong><\/p>\n<p style=\"text-align: center;\"><strong>LE SIEUR<\/strong><\/p>\n<p style=\"text-align: center;\"><strong>60 Boul. Pie-IX, Granby, Qc,<\/strong><\/p>\n<p style=\"text-align: center;\"><strong>T\u00e9l. : 450-777-1414 t\u00e9lec. : 450-777-0999<\/strong><\/p>\n<p style=\"text-align: center;\"><strong>www.lesieur.ca &#8211; info@lesieur.ca<\/strong><\/p>\n<p style=\"text-align: center;\"><strong>Membre de la CTQ<\/strong><\/p>\n","protected":false},"excerpt":{"rendered":"<p>Paisiblement, \u00e0 son domicile, le 5 mars 2026, \u00e0 l&#8217;\u00e2ge de 70 ans, est d\u00e9c\u00e9d\u00e9e Mme Claire Demers, fille de feu Lucette Laporte et de feu Maurice Demers, demeurant \u00e0 Qu\u00e9bec. Elle laisse dans le deuil ses fr\u00e8res et s\u0153urs: Jean-Guy (Brigitte Roy), Marie, Sylvane (Alain Therrien), H\u00e9l\u00e8ne, Jacques (Anne Gagnon), Robert (Jany Renaud) ainsi [&hellip;]<\/p>\n","protected":false},"author":8,"featured_media":21201,"comment_status":"closed","ping_status":"closed","sticky":false,"template":"","format":"standard","meta":{"_crdt_document":"","_jetpack_memberships_contains_paid_content":false,"footnotes":""},"categories":[97],"tags":[],"class_list":["post-21203","post","type-post","status-publish","format-standard","has-post-thumbnail","hentry","category-obituary"],"aioseo_notices":[],"jetpack_featured_media_url":"https:\/\/www.ja-lesieur.com\/wp-content\/uploads\/2026\/03\/claire-demers-carre-complexe-funeraire-lesieur-des-services-complets-e1773169490608.jpg","jetpack_sharing_enabled":true,"_links":{"self":[{"href":"https:\/\/www.ja-lesieur.com\/en\/wp-json\/wp\/v2\/posts\/21203","targetHints":{"allow":["GET"]}}],"collection":[{"href":"https:\/\/www.ja-lesieur.com\/en\/wp-json\/wp\/v2\/posts"}],"about":[{"href":"https:\/\/www.ja-lesieur.com\/en\/wp-json\/wp\/v2\/types\/post"}],"author":[{"embeddable":true,"href":"https:\/\/www.ja-lesieur.com\/en\/wp-json\/wp\/v2\/users\/8"}],"replies":[{"embeddable":true,"href":"https:\/\/www.ja-lesieur.com\/en\/wp-json\/wp\/v2\/comments?post=21203"}],"version-history":[{"count":2,"href":"https:\/\/www.ja-lesieur.com\/en\/wp-json\/wp\/v2\/posts\/21203\/revisions"}],"predecessor-version":[{"id":21209,"href":"https:\/\/www.ja-lesieur.com\/en\/wp-json\/wp\/v2\/posts\/21203\/revisions\/21209"}],"wp:featuredmedia":[{"embeddable":true,"href":"https:\/\/www.ja-lesieur.com\/en\/wp-json\/wp\/v2\/media\/21201"}],"wp:attachment":[{"href":"https:\/\/www.ja-lesieur.com\/en\/wp-json\/wp\/v2\/media?parent=21203"}],"wp:term":[{"taxonomy":"category","embeddable":true,"href":"https:\/\/www.ja-lesieur.com\/en\/wp-json\/wp\/v2\/categories?post=21203"},{"taxonomy":"post_tag","embeddable":true,"href":"https:\/\/www.ja-lesieur.com\/en\/wp-json\/wp\/v2\/tags?post=21203"}],"curies":[{"name":"wp","href":"https:\/\/api.w.org\/{rel}","templated":true}]}}