{"id":21219,"date":"2026-03-08T15:41:08","date_gmt":"2026-03-08T19:41:08","guid":{"rendered":"https:\/\/www.ja-lesieur.com\/m-sarto-lacroix-1939-2026\/"},"modified":"2026-03-30T13:09:49","modified_gmt":"2026-03-30T17:09:49","slug":"m-sarto-lacroix-1939-2026","status":"publish","type":"post","link":"https:\/\/www.ja-lesieur.com\/en\/m-sarto-lacroix-1939-2026\/","title":{"rendered":"M. Sarto Lacroix 1939-2026"},"content":{"rendered":"<p>Au Centre hospitalier de Granby, le 8 mars 2026, \u00e0 l&#8217;\u00e2ge de 87 ans, est d\u00e9c\u00e9d\u00e9 M. Sarto Lacroix, \u00e9poux de feu Bibiane Giard et p\u00e8re de feu Luc Lacroix et feu Robert Lacroix.<\/p>\n<p>Il laisse dans le deuil ses petits-enfants: Gabriel, Karol, Shendy (Alain Gagn\u00e9), Vany (Jonathan Labont\u00e9) et Roby Lacroix (Kateryna Lusenko): ses cinq arri\u00e8re-petits-enfants; ses fr\u00e8res et sa s\u0153ur: Fran\u00e7oise, Jacques (Jocelyne), Rosaire; son beau-fr\u00e8re: Normand Bazinet (feu Lise Giard); sa belle-s\u0153ur: Danielle (feu Yvon Lacroix) ainsi que ses neveux et ni\u00e8ces et de nombreux parents et amis.<\/p>\n<p><strong>L&#8217;Aquamation a eu lieu au Bio-Cr\u00e9matorium Le Sieur de Granby.<\/strong><\/p>\n<p><strong>La famille recevra les t\u00e9moignages de sympathie le dimanche 29 mars 2026 \u00e0 compter de 13 heures au:<\/strong><\/p>\n<p style=\"text-align: center;\"><strong>COMPLEXE FUN\u00c9RAIRE<\/strong><\/p>\n<p style=\"text-align: center;\"><strong>LE SIEUR<\/strong><\/p>\n<p style=\"text-align: center;\"><strong>60 Boul. Pie-IX, Granby, Qc,<\/strong><\/p>\n<p style=\"text-align: center;\"><strong>T\u00e9l.: 450-777-1414 t\u00e9lec.: 450-777-0999<\/strong><\/p>\n<p style=\"text-align: center;\"><strong>www.lesieur.ca &#8211; info@lesieur.ca<\/strong><\/p>\n<p style=\"text-align: center;\"><strong>Membre de la CTQ<\/strong><\/p>\n<p><strong>O\u00f9 un hommage lui sera rendu \u00e0 15 heures en la chapelle du Complexe. L\u2019inhumation au cimeti\u00e8re Mgr Pelletier de Granby se fera \u00e0 une date ult\u00e9rieure.<\/strong><\/p>\n<p>Vous pouvez visionner la c\u00e9r\u00e9monie ICI:<\/p>\n<p><iframe loading=\"lazy\" title=\"C\u00e9r\u00e9monie fun\u00e9raire de M. Sarto Lacroix, 29 mars 2026\" width=\"1170\" height=\"658\" src=\"https:\/\/www.youtube.com\/embed\/SHG3XbuK0-8?feature=oembed\" frameborder=\"0\" allow=\"accelerometer; autoplay; clipboard-write; encrypted-media; gyroscope; picture-in-picture; web-share\" referrerpolicy=\"strict-origin-when-cross-origin\" allowfullscreen><\/iframe><\/p>\n<p>&nbsp;<\/p>\n","protected":false},"excerpt":{"rendered":"<p>Au Centre hospitalier de Granby, le 8 mars 2026, \u00e0 l&#8217;\u00e2ge de 87 ans, est d\u00e9c\u00e9d\u00e9 M. Sarto Lacroix, \u00e9poux de feu Bibiane Giard et p\u00e8re de feu Luc Lacroix et feu Robert Lacroix. Il laisse dans le deuil ses petits-enfants: Gabriel, Karol, Shendy (Alain Gagn\u00e9), Vany (Jonathan Labont\u00e9) et Roby Lacroix (Kateryna Lusenko): ses [&hellip;]<\/p>\n","protected":false},"author":8,"featured_media":21217,"comment_status":"closed","ping_status":"closed","sticky":false,"template":"","format":"standard","meta":{"_crdt_document":"","_jetpack_memberships_contains_paid_content":false,"footnotes":""},"categories":[97],"tags":[],"class_list":["post-21219","post","type-post","status-publish","format-standard","has-post-thumbnail","hentry","category-obituary"],"aioseo_notices":[],"jetpack_featured_media_url":"https:\/\/www.ja-lesieur.com\/wp-content\/uploads\/2026\/03\/sarto-lacroix-carre-complexe-funeraire-lesieur-des-services-complets-e1773344649398.jpg","jetpack_sharing_enabled":true,"_links":{"self":[{"href":"https:\/\/www.ja-lesieur.com\/en\/wp-json\/wp\/v2\/posts\/21219","targetHints":{"allow":["GET"]}}],"collection":[{"href":"https:\/\/www.ja-lesieur.com\/en\/wp-json\/wp\/v2\/posts"}],"about":[{"href":"https:\/\/www.ja-lesieur.com\/en\/wp-json\/wp\/v2\/types\/post"}],"author":[{"embeddable":true,"href":"https:\/\/www.ja-lesieur.com\/en\/wp-json\/wp\/v2\/users\/8"}],"replies":[{"embeddable":true,"href":"https:\/\/www.ja-lesieur.com\/en\/wp-json\/wp\/v2\/comments?post=21219"}],"version-history":[{"count":1,"href":"https:\/\/www.ja-lesieur.com\/en\/wp-json\/wp\/v2\/posts\/21219\/revisions"}],"predecessor-version":[{"id":21326,"href":"https:\/\/www.ja-lesieur.com\/en\/wp-json\/wp\/v2\/posts\/21219\/revisions\/21326"}],"wp:featuredmedia":[{"embeddable":true,"href":"https:\/\/www.ja-lesieur.com\/en\/wp-json\/wp\/v2\/media\/21217"}],"wp:attachment":[{"href":"https:\/\/www.ja-lesieur.com\/en\/wp-json\/wp\/v2\/media?parent=21219"}],"wp:term":[{"taxonomy":"category","embeddable":true,"href":"https:\/\/www.ja-lesieur.com\/en\/wp-json\/wp\/v2\/categories?post=21219"},{"taxonomy":"post_tag","embeddable":true,"href":"https:\/\/www.ja-lesieur.com\/en\/wp-json\/wp\/v2\/tags?post=21219"}],"curies":[{"name":"wp","href":"https:\/\/api.w.org\/{rel}","templated":true}]}}