{"id":21514,"date":"2026-04-23T13:08:26","date_gmt":"2026-04-23T17:08:26","guid":{"rendered":"https:\/\/www.ja-lesieur.com\/m-maurice-theoret-1929-2026\/"},"modified":"2026-04-23T13:08:26","modified_gmt":"2026-04-23T17:08:26","slug":"m-maurice-theoret-1929-2026","status":"publish","type":"post","link":"https:\/\/www.ja-lesieur.com\/en\/m-maurice-theoret-1929-2026\/","title":{"rendered":"M. Maurice Th\u00e9or\u00eat 1929-2026"},"content":{"rendered":"<p>&nbsp;<\/p>\n<p>\u00c0 Montr\u00e9al, le 23 avril 2026 \u00e0 l\u2019\u00e2ge de 96 ans, est d\u00e9c\u00e9d\u00e9 Maurice Th\u00e9or\u00eat, \u00e9poux de feu Elyse Gervais. Originaire de Coaticook, il \u00e9tait le fils de feu Bertha Gilmour et de feu Dollard Th\u00e9or\u00eat.<\/p>\n<p>Il laisse dans le deuil sa fille Marie (Alain Lemoyne), sa fille Elyse, ses pr\u00e9cieux petits-enfants Mathieu (Rebecca Gu\u00e9nard-Chouinard), Antoine (Laurianne Beaudoin), Simon et Rosalie ainsi que son arri\u00e8re-petit-fils ador\u00e9 Thomas. Il manquera profond\u00e9ment \u00e0 son amie et complice de longue date Marielle Tanguay. Il laisse aussi dans le deuil ses belles-soeurs Fran\u00e7oise Gervais et Elizabeth Labenski ainsi que de nombreux neveux et ni\u00e8ces. Il laisse aussi dans la peine plusieurs amis et connaissances qui l\u2019ont entour\u00e9 et aim\u00e9 au fil des ans.<\/p>\n<p>Maurice a travaill\u00e9 plus de trente ans pour la compagnie Sears \u00e0 titre de g\u00e9rant et directeur des bureaux de ventes par catalogue au Qu\u00e9bec. Il a oeuvr\u00e9 longtemps \u00e0 la campagne de financement de Centraide du grand Montr\u00e9al.<\/p>\n<p><strong>L&#8217;Aquamation a eu lieu au Bio-Cr\u00e9matorium Le Sieur de Granby.<\/strong><\/p>\n<p><strong>La famille accueillera parents et amis \u00e0 compter de 13 h le samedi 30 mai en <\/strong><\/p>\n<p style=\"text-align: center;\"><strong>l\u2019\u00c9glise Saint-Sixte<\/strong><\/p>\n<p style=\"text-align: center;\"><strong>1895 rue de l\u2019\u00c9glise,<\/strong><\/p>\n<p style=\"text-align: center;\"><strong>St-Laurent, H4M 2M9<\/strong>.<\/p>\n<p><strong>La c\u00e9r\u00e9monie de la parole sera c\u00e9l\u00e9br\u00e9e \u00e0 14h en pr\u00e9sence des cendres.<\/strong><\/p>\n<p>Vos t\u00e9moignages de sympathie peuvent se traduire par un don \u00e0 l\u2019unit\u00e9 des soins palliatifs du CHUM via <strong><a href=\"https:\/\/fondationduchum.com\/donnez\/\">la Fondation CHUM.<\/a><\/strong><\/p>\n<p>L\u2019inhumation se fera au cimeti\u00e8re de St-Jean-sur-Richelieu \u00e0 une date ult\u00e9rieure<\/p>\n<p>&nbsp;<\/p>\n<p><strong>COMPLEXE FUN\u00c9RAIRE ET AQUAMATION LESIEUR<\/strong><\/p>\n<p><strong>t\u00e9l: 450-777-1414<\/strong><\/p>\n<p><strong>www.lesieur.ca &#8211; info@lesieur.ca<\/strong><\/p>\n<p><strong>Membre de la CTQ<\/strong><\/p>\n","protected":false},"excerpt":{"rendered":"<p>&nbsp; \u00c0 Montr\u00e9al, le 23 avril 2026 \u00e0 l\u2019\u00e2ge de 96 ans, est d\u00e9c\u00e9d\u00e9 Maurice Th\u00e9or\u00eat, \u00e9poux de feu Elyse Gervais. Originaire de Coaticook, il \u00e9tait le fils de feu Bertha Gilmour et de feu Dollard Th\u00e9or\u00eat. Il laisse dans le deuil sa fille Marie (Alain Lemoyne), sa fille Elyse, ses pr\u00e9cieux petits-enfants Mathieu (Rebecca [&hellip;]<\/p>\n","protected":false},"author":8,"featured_media":21509,"comment_status":"closed","ping_status":"closed","sticky":false,"template":"","format":"standard","meta":{"_crdt_document":"","_jetpack_memberships_contains_paid_content":false,"footnotes":""},"categories":[97],"tags":[],"class_list":["post-21514","post","type-post","status-publish","format-standard","has-post-thumbnail","hentry","category-obituary"],"aioseo_notices":[],"jetpack_featured_media_url":"https:\/\/www.ja-lesieur.com\/wp-content\/uploads\/2026\/04\/maurice-theoret-carre-complexe-funeraire-lesieur-des-services-complets-e1777559004447.jpeg","jetpack_sharing_enabled":true,"_links":{"self":[{"href":"https:\/\/www.ja-lesieur.com\/en\/wp-json\/wp\/v2\/posts\/21514","targetHints":{"allow":["GET"]}}],"collection":[{"href":"https:\/\/www.ja-lesieur.com\/en\/wp-json\/wp\/v2\/posts"}],"about":[{"href":"https:\/\/www.ja-lesieur.com\/en\/wp-json\/wp\/v2\/types\/post"}],"author":[{"embeddable":true,"href":"https:\/\/www.ja-lesieur.com\/en\/wp-json\/wp\/v2\/users\/8"}],"replies":[{"embeddable":true,"href":"https:\/\/www.ja-lesieur.com\/en\/wp-json\/wp\/v2\/comments?post=21514"}],"version-history":[{"count":0,"href":"https:\/\/www.ja-lesieur.com\/en\/wp-json\/wp\/v2\/posts\/21514\/revisions"}],"wp:featuredmedia":[{"embeddable":true,"href":"https:\/\/www.ja-lesieur.com\/en\/wp-json\/wp\/v2\/media\/21509"}],"wp:attachment":[{"href":"https:\/\/www.ja-lesieur.com\/en\/wp-json\/wp\/v2\/media?parent=21514"}],"wp:term":[{"taxonomy":"category","embeddable":true,"href":"https:\/\/www.ja-lesieur.com\/en\/wp-json\/wp\/v2\/categories?post=21514"},{"taxonomy":"post_tag","embeddable":true,"href":"https:\/\/www.ja-lesieur.com\/en\/wp-json\/wp\/v2\/tags?post=21514"}],"curies":[{"name":"wp","href":"https:\/\/api.w.org\/{rel}","templated":true}]}}