{"id":22012,"date":"2026-08-03T16:38:33","date_gmt":"2026-08-03T20:38:33","guid":{"rendered":"https:\/\/www.ja-lesieur.com\/m-remi-huard-1936-2026\/"},"modified":"2026-08-11T12:07:33","modified_gmt":"2026-08-11T16:07:33","slug":"m-remi-huard-1936-2026","status":"publish","type":"post","link":"https:\/\/www.ja-lesieur.com\/en\/m-remi-huard-1936-2026\/","title":{"rendered":"M. R\u00e9mi Huard, 1936-2026"},"content":{"rendered":"<p>&nbsp;<\/p>\n<p>C\u2019est avec beaucoup de tristesse que nous vous annon\u00e7ons le d\u00e9c\u00e8s de monsieur R\u00e9mi Huard, survenu le 3 ao\u00fbt 2026 \u00e0 Granby. Il avait 90 ans. Il \u00e9tait le fils de feu \u00c9mile Huard et de feu Marie-Anne Gravel.<\/p>\n<p>Toujours \u00e9l\u00e9gant et soign\u00e9, amoureux du v\u00e9lo, des fleurs et des chapeaux, R\u00e9mi \u00e9tait connu pour sa joie de vivre, sa g\u00e9n\u00e9rosit\u00e9, son humour taquin et sa r\u00e9partie l\u00e9gendaire. Au cours de sa carri\u00e8re, il a occup\u00e9 les fonctions de directeur d\u2019\u00e9cole \u00e0 Sutton, puis de gestionnaire au Centre de r\u00e9adaptation en d\u00e9ficience intellectuelle de Brigham et au Centre Paul\u00a0VI de Granby. Il excellait dans la relation d\u2019aide et a su inspirer et accompagner de nombreuses personnes confront\u00e9es \u00e0 des probl\u00e8mes de d\u00e9pendance. Face aux \u00e9preuves que la vie a mises sur son chemin, il s\u2019est toujours montr\u00e9 courageux, r\u00e9silient et combatif, affrontant chaque d\u00e9fi avec la force d\u2019un guerrier jusqu\u2019\u00e0 son dernier souffle.<\/p>\n<p>R\u00e9mi laisse dans le deuil ses cinq enfants\u00a0: Danielle, Chantal (Daniel), Marie-Claude (Andr\u00e9), Martin (Brigitte) et Isabelle; ses dix petits-enfants, Alexandre, Camille, Emilie, F\u00e9lix, Jeanne, Joey, Kim, Maxime, Olivier et Sofianne; ainsi que ses six arri\u00e8re-petits-enfants, Anthony, Ely, Flavie, Lilianne, Marilou et Nathan.<\/p>\n<p>Pr\u00e9c\u00e9d\u00e9 par la m\u00e8re de ses enfants feu Jacqueline Lemay et par ses s\u0153urs : feu Henriette, feu Colette et feu Doris, il laisse derri\u00e8re lui sa conjointe, France Monty, ses s\u0153urs Claudette, Denise, Laurette et Lisette ainsi que plusieurs ni\u00e8ces, neveux, autres parents et amis<em>.<\/em><\/p>\n<p>Ses enfants souhaitent saluer les bons soins prodigu\u00e9s par l\u2019\u00e9quipe du CHSLD Villa-Bonheur et le personnel attentionn\u00e9 du Pavillon Louis-G. Choini\u00e8re de Granby. Un merci tout particulier \u00e0 Khalil, qui a \u00e9t\u00e9 pr\u00e9sent \u00e0 ses c\u00f4t\u00e9s pendant ses derniers moments, ainsi qu\u2019\u00e0 sa m\u00e9decin traitante, Dre Rapha\u00eblle Harvey, pour leur grande humanit\u00e9.<\/p>\n<p><strong>Les fun\u00e9railles se tiendront le samedi 29 ao\u00fbt 2026 \u00e0 13h30 en\u00a0:<\/strong><\/p>\n<p style=\"text-align: center;\"><strong>L\u2019\u00c9GLISE SAINT-LUC<\/strong><\/p>\n<p style=\"text-align: center;\"><strong>100, rue Langlois<\/strong><\/p>\n<p style=\"text-align: center;\"><strong>Granby, QC<\/strong><\/p>\n<p><strong>La famille sera pr\u00e9sente \u00e0 l\u2019arri\u00e8re de l\u2019\u00e9glise \u00e0 compter de 13 heures pour recevoir les condol\u00e9ances.<\/strong><\/p>\n<p><strong>L\u2019aquamation a eu lieu au Bio-Cr\u00e9matorium du\u00a0:<\/strong><\/p>\n<p style=\"text-align: center;\"><strong>COMPLEXE FUN\u00c9RAIRE LESIEUR<\/strong><\/p>\n<p style=\"text-align: center;\"><strong>60 Boul. Pie\u00a0IX, Granby, QC<\/strong><\/p>\n<p style=\"text-align: center;\"><strong>t\u00e9l.\u00a0: 450\u00a0777-1414 t\u00e9l\u00e9c.\u00a0: 450\u00a0777-0999<\/strong><\/p>\n<p style=\"text-align: center;\"><strong>www.lesieur.ca \u2013 info@lesieur.ca<\/strong><\/p>\n<p style=\"text-align: center;\"><strong>Membre de la CTQ<\/strong><\/p>\n<p>&nbsp;<\/p>\n","protected":false},"excerpt":{"rendered":"<p>&nbsp; C\u2019est avec beaucoup de tristesse que nous vous annon\u00e7ons le d\u00e9c\u00e8s de monsieur R\u00e9mi Huard, survenu le 3 ao\u00fbt 2026 \u00e0 Granby. Il avait 90 ans. Il \u00e9tait le fils de feu \u00c9mile Huard et de feu Marie-Anne Gravel. Toujours \u00e9l\u00e9gant et soign\u00e9, amoureux du v\u00e9lo, des fleurs et des chapeaux, R\u00e9mi \u00e9tait connu [&hellip;]<\/p>\n","protected":false},"author":8,"featured_media":21973,"comment_status":"closed","ping_status":"closed","sticky":false,"template":"","format":"standard","meta":{"_jetpack_newsletter_access":"","_jetpack_dont_email_post_to_subs":false,"_jetpack_newsletter_tier_id":0,"_jetpack_memberships_contains_paywalled_content":false,"_jetpack_memberships_contains_paid_content":false,"footnotes":""},"categories":[97],"tags":[],"class_list":["post-22012","post","type-post","status-publish","format-standard","has-post-thumbnail","hentry","category-obituary"],"aioseo_notices":[],"aioseo_head":"\n\t\t<!-- All in One SEO 5.0.1.1 - aioseo.com -->\n\t<meta name=\"robots\" content=\"max-image-preview:large\" \/>\n\t<meta name=\"author\" content=\"Martine Loignon\"\/>\n\t<link rel=\"canonical\" href=\"https:\/\/www.ja-lesieur.com\/en\/m-remi-huard-1936-2026\/\" \/>\n\t<meta name=\"generator\" content=\"All in One SEO (AIOSEO) 5.0.1.1\" \/>\n\t\t<meta property=\"og:locale\" content=\"en_US\" \/>\n\t\t<meta property=\"og:site_name\" content=\"Funeral Complex LeSieur comprehensive services | ja-lesieur.com\" \/>\n\t\t<meta property=\"og:type\" content=\"article\" \/>\n\t\t<meta property=\"og:title\" content=\"M. R\u00e9mi Huard, 1936-2026 | Funeral Complex LeSieur comprehensive services\" \/>\n\t\t<meta property=\"og:url\" content=\"https:\/\/www.ja-lesieur.com\/en\/m-remi-huard-1936-2026\/\" \/>\n\t\t<meta property=\"article:published_time\" content=\"2026-08-03T20:38:33+00:00\" \/>\n\t\t<meta property=\"article:modified_time\" content=\"2026-08-11T16:07:33+00:00\" \/>\n\t\t<script type=\"application\/ld+json\" class=\"aioseo-schema\">\n\t\t\t{\"@context\":\"https:\\\/\\\/schema.org\",\"@graph\":[{\"@type\":\"Article\",\"@id\":\"https:\\\/\\\/www.ja-lesieur.com\\\/en\\\/m-remi-huard-1936-2026\\\/#article\",\"name\":\"M. R\\u00e9mi Huard, 1936-2026 | Funeral Complex LeSieur comprehensive services\",\"headline\":\"M. R\\u00e9mi Huard, 1936-2026\",\"author\":{\"@id\":\"https:\\\/\\\/www.ja-lesieur.com\\\/en\\\/author\\\/martinelesieur-ca\\\/#author\"},\"publisher\":{\"@id\":\"https:\\\/\\\/www.ja-lesieur.com\\\/en\\\/#organization\"},\"image\":{\"@type\":\"ImageObject\",\"url\":\"https:\\\/\\\/www.ja-lesieur.com\\\/wp-content\\\/uploads\\\/2026\\\/08\\\/remi-huart-carre-complexe-funeraire-lesieur-des-services-complets-1-scaled-e1785962496465.jpg\",\"width\":2560,\"height\":2560},\"datePublished\":\"2026-08-03T16:38:33-04:00\",\"dateModified\":\"2026-08-11T12:07:33-04:00\",\"inLanguage\":\"en-US\",\"mainEntityOfPage\":{\"@id\":\"https:\\\/\\\/www.ja-lesieur.com\\\/en\\\/m-remi-huard-1936-2026\\\/#webpage\"},\"isPartOf\":{\"@id\":\"https:\\\/\\\/www.ja-lesieur.com\\\/en\\\/m-remi-huard-1936-2026\\\/#webpage\"},\"articleSection\":\"Obituary, Facultatif\"},{\"@type\":\"BreadcrumbList\",\"@id\":\"https:\\\/\\\/www.ja-lesieur.com\\\/en\\\/m-remi-huard-1936-2026\\\/#breadcrumblist\",\"itemListElement\":[{\"@type\":\"ListItem\",\"@id\":\"https:\\\/\\\/www.ja-lesieur.com\\\/en\\\/#listItem\",\"position\":1,\"name\":\"Accueil\",\"item\":\"https:\\\/\\\/www.ja-lesieur.com\\\/en\\\/\",\"nextItem\":{\"@type\":\"ListItem\",\"@id\":\"https:\\\/\\\/www.ja-lesieur.com\\\/en\\\/category\\\/obituary\\\/#listItem\",\"name\":\"Obituary\"}},{\"@type\":\"ListItem\",\"@id\":\"https:\\\/\\\/www.ja-lesieur.com\\\/en\\\/category\\\/obituary\\\/#listItem\",\"position\":2,\"name\":\"Obituary\",\"item\":\"https:\\\/\\\/www.ja-lesieur.com\\\/en\\\/category\\\/obituary\\\/\",\"nextItem\":{\"@type\":\"ListItem\",\"@id\":\"https:\\\/\\\/www.ja-lesieur.com\\\/en\\\/m-remi-huard-1936-2026\\\/#listItem\",\"name\":\"M. R\\u00e9mi Huard, 1936-2026\"},\"previousItem\":{\"@type\":\"ListItem\",\"@id\":\"https:\\\/\\\/www.ja-lesieur.com\\\/en\\\/#listItem\",\"name\":\"Accueil\"}},{\"@type\":\"ListItem\",\"@id\":\"https:\\\/\\\/www.ja-lesieur.com\\\/en\\\/m-remi-huard-1936-2026\\\/#listItem\",\"position\":3,\"name\":\"M. R\\u00e9mi Huard, 1936-2026\",\"previousItem\":{\"@type\":\"ListItem\",\"@id\":\"https:\\\/\\\/www.ja-lesieur.com\\\/en\\\/category\\\/obituary\\\/#listItem\",\"name\":\"Obituary\"}}]},{\"@type\":\"Organization\",\"@id\":\"https:\\\/\\\/www.ja-lesieur.com\\\/en\\\/#organization\",\"name\":\"Complexe fun\\u00e9raire LeSieur\",\"description\":\"ja-lesieur.com\",\"url\":\"https:\\\/\\\/www.ja-lesieur.com\\\/en\\\/\",\"telephone\":\"+18883678471\"},{\"@type\":\"Person\",\"@id\":\"https:\\\/\\\/www.ja-lesieur.com\\\/en\\\/author\\\/martinelesieur-ca\\\/#author\",\"url\":\"https:\\\/\\\/www.ja-lesieur.com\\\/en\\\/author\\\/martinelesieur-ca\\\/\",\"name\":\"Martine Loignon\",\"image\":{\"@type\":\"ImageObject\",\"@id\":\"https:\\\/\\\/www.ja-lesieur.com\\\/en\\\/m-remi-huard-1936-2026\\\/#authorImage\",\"url\":\"\\\/\\\/www.gravatar.com\\\/avatar\\\/f272fe1722d7fd7cef57d99d37395bf5?s=96&#038;r=g&#038;d=mm\",\"width\":96,\"height\":96,\"caption\":\"Martine Loignon\"}},{\"@type\":\"WebPage\",\"@id\":\"https:\\\/\\\/www.ja-lesieur.com\\\/en\\\/m-remi-huard-1936-2026\\\/#webpage\",\"url\":\"https:\\\/\\\/www.ja-lesieur.com\\\/en\\\/m-remi-huard-1936-2026\\\/\",\"name\":\"M. R\\u00e9mi Huard, 1936-2026 | Funeral Complex LeSieur comprehensive services\",\"inLanguage\":\"en-US\",\"isPartOf\":{\"@id\":\"https:\\\/\\\/www.ja-lesieur.com\\\/en\\\/#website\"},\"breadcrumb\":{\"@id\":\"https:\\\/\\\/www.ja-lesieur.com\\\/en\\\/m-remi-huard-1936-2026\\\/#breadcrumblist\"},\"author\":{\"@id\":\"https:\\\/\\\/www.ja-lesieur.com\\\/en\\\/author\\\/martinelesieur-ca\\\/#author\"},\"creator\":{\"@id\":\"https:\\\/\\\/www.ja-lesieur.com\\\/en\\\/author\\\/martinelesieur-ca\\\/#author\"},\"image\":{\"@type\":\"ImageObject\",\"url\":\"https:\\\/\\\/www.ja-lesieur.com\\\/wp-content\\\/uploads\\\/2026\\\/08\\\/remi-huart-carre-complexe-funeraire-lesieur-des-services-complets-1-scaled-e1785962496465.jpg\",\"@id\":\"https:\\\/\\\/www.ja-lesieur.com\\\/en\\\/m-remi-huard-1936-2026\\\/#mainImage\",\"width\":2560,\"height\":2560},\"primaryImageOfPage\":{\"@id\":\"https:\\\/\\\/www.ja-lesieur.com\\\/en\\\/m-remi-huard-1936-2026\\\/#mainImage\"},\"datePublished\":\"2026-08-03T16:38:33-04:00\",\"dateModified\":\"2026-08-11T12:07:33-04:00\"},{\"@type\":\"WebSite\",\"@id\":\"https:\\\/\\\/www.ja-lesieur.com\\\/en\\\/#website\",\"url\":\"https:\\\/\\\/www.ja-lesieur.com\\\/en\\\/\",\"name\":\"Complexe fun\\u00e9raire LeSieur des services complets\",\"description\":\"ja-lesieur.com\",\"inLanguage\":\"en-US\",\"publisher\":{\"@id\":\"https:\\\/\\\/www.ja-lesieur.com\\\/en\\\/#organization\"}}]}\n\t\t<\/script>\n\t\t<!-- All in One SEO -->\n\n","aioseo_head_json":{"title":"M. R\u00e9mi Huard, 1936-2026 | Funeral Complex LeSieur comprehensive services","description":"","canonical_url":"https:\/\/www.ja-lesieur.com\/en\/m-remi-huard-1936-2026\/","robots":"max-image-preview:large","keywords":"","webmasterTools":{"miscellaneous":""},"schema":{"@context":"https:\/\/schema.org","@graph":[{"@type":"Article","@id":"https:\/\/www.ja-lesieur.com\/en\/m-remi-huard-1936-2026\/#article","name":"M. R\u00e9mi Huard, 1936-2026 | Funeral Complex LeSieur comprehensive services","headline":"M. R\u00e9mi Huard, 1936-2026","author":{"@id":"https:\/\/www.ja-lesieur.com\/en\/author\/martinelesieur-ca\/#author"},"publisher":{"@id":"https:\/\/www.ja-lesieur.com\/en\/#organization"},"image":{"@type":"ImageObject","url":"https:\/\/www.ja-lesieur.com\/wp-content\/uploads\/2026\/08\/remi-huart-carre-complexe-funeraire-lesieur-des-services-complets-1-scaled-e1785962496465.jpg","width":2560,"height":2560},"datePublished":"2026-08-03T16:38:33-04:00","dateModified":"2026-08-11T12:07:33-04:00","inLanguage":"en-US","mainEntityOfPage":{"@id":"https:\/\/www.ja-lesieur.com\/en\/m-remi-huard-1936-2026\/#webpage"},"isPartOf":{"@id":"https:\/\/www.ja-lesieur.com\/en\/m-remi-huard-1936-2026\/#webpage"},"articleSection":"Obituary, Facultatif"},{"@type":"BreadcrumbList","@id":"https:\/\/www.ja-lesieur.com\/en\/m-remi-huard-1936-2026\/#breadcrumblist","itemListElement":[{"@type":"ListItem","@id":"https:\/\/www.ja-lesieur.com\/en\/#listItem","position":1,"name":"Accueil","item":"https:\/\/www.ja-lesieur.com\/en\/","nextItem":{"@type":"ListItem","@id":"https:\/\/www.ja-lesieur.com\/en\/category\/obituary\/#listItem","name":"Obituary"}},{"@type":"ListItem","@id":"https:\/\/www.ja-lesieur.com\/en\/category\/obituary\/#listItem","position":2,"name":"Obituary","item":"https:\/\/www.ja-lesieur.com\/en\/category\/obituary\/","nextItem":{"@type":"ListItem","@id":"https:\/\/www.ja-lesieur.com\/en\/m-remi-huard-1936-2026\/#listItem","name":"M. R\u00e9mi Huard, 1936-2026"},"previousItem":{"@type":"ListItem","@id":"https:\/\/www.ja-lesieur.com\/en\/#listItem","name":"Accueil"}},{"@type":"ListItem","@id":"https:\/\/www.ja-lesieur.com\/en\/m-remi-huard-1936-2026\/#listItem","position":3,"name":"M. R\u00e9mi Huard, 1936-2026","previousItem":{"@type":"ListItem","@id":"https:\/\/www.ja-lesieur.com\/en\/category\/obituary\/#listItem","name":"Obituary"}}]},{"@type":"Organization","@id":"https:\/\/www.ja-lesieur.com\/en\/#organization","name":"Complexe fun\u00e9raire LeSieur","description":"ja-lesieur.com","url":"https:\/\/www.ja-lesieur.com\/en\/","telephone":"+18883678471"},{"@type":"Person","@id":"https:\/\/www.ja-lesieur.com\/en\/author\/martinelesieur-ca\/#author","url":"https:\/\/www.ja-lesieur.com\/en\/author\/martinelesieur-ca\/","name":"Martine Loignon","image":{"@type":"ImageObject","@id":"https:\/\/www.ja-lesieur.com\/en\/m-remi-huard-1936-2026\/#authorImage","url":"\/\/www.gravatar.com\/avatar\/f272fe1722d7fd7cef57d99d37395bf5?s=96&#038;r=g&#038;d=mm","width":96,"height":96,"caption":"Martine Loignon"}},{"@type":"WebPage","@id":"https:\/\/www.ja-lesieur.com\/en\/m-remi-huard-1936-2026\/#webpage","url":"https:\/\/www.ja-lesieur.com\/en\/m-remi-huard-1936-2026\/","name":"M. R\u00e9mi Huard, 1936-2026 | Funeral Complex LeSieur comprehensive services","inLanguage":"en-US","isPartOf":{"@id":"https:\/\/www.ja-lesieur.com\/en\/#website"},"breadcrumb":{"@id":"https:\/\/www.ja-lesieur.com\/en\/m-remi-huard-1936-2026\/#breadcrumblist"},"author":{"@id":"https:\/\/www.ja-lesieur.com\/en\/author\/martinelesieur-ca\/#author"},"creator":{"@id":"https:\/\/www.ja-lesieur.com\/en\/author\/martinelesieur-ca\/#author"},"image":{"@type":"ImageObject","url":"https:\/\/www.ja-lesieur.com\/wp-content\/uploads\/2026\/08\/remi-huart-carre-complexe-funeraire-lesieur-des-services-complets-1-scaled-e1785962496465.jpg","@id":"https:\/\/www.ja-lesieur.com\/en\/m-remi-huard-1936-2026\/#mainImage","width":2560,"height":2560},"primaryImageOfPage":{"@id":"https:\/\/www.ja-lesieur.com\/en\/m-remi-huard-1936-2026\/#mainImage"},"datePublished":"2026-08-03T16:38:33-04:00","dateModified":"2026-08-11T12:07:33-04:00"},{"@type":"WebSite","@id":"https:\/\/www.ja-lesieur.com\/en\/#website","url":"https:\/\/www.ja-lesieur.com\/en\/","name":"Complexe fun\u00e9raire LeSieur des services complets","description":"ja-lesieur.com","inLanguage":"en-US","publisher":{"@id":"https:\/\/www.ja-lesieur.com\/en\/#organization"}}]},"og:locale":"en_US","og:site_name":"Funeral Complex LeSieur comprehensive services | ja-lesieur.com","og:type":"article","og:title":"M. R\u00e9mi Huard, 1936-2026 | Funeral Complex LeSieur comprehensive services","og:url":"https:\/\/www.ja-lesieur.com\/en\/m-remi-huard-1936-2026\/","article:published_time":"2026-08-03T20:38:33+00:00","article:modified_time":"2026-08-11T16:07:33+00:00"},"aioseo_meta_data":{"post_id":"22012","title":null,"description":null,"keywords":null,"keyphrases":{"focus":{"keyphrase":"","score":0,"analysis":{"keyphraseInTitle":{"score":0,"maxScore":9,"error":1}}},"additional":[]},"primary_term":null,"canonical_url":null,"og_title":null,"og_description":null,"og_object_type":"default","og_image_type":"default","og_image_url":null,"og_image_width":null,"og_image_height":null,"og_image_custom_url":null,"og_image_custom_fields":null,"og_video":"","og_custom_url":null,"og_article_section":null,"og_article_tags":null,"twitter_use_og":false,"twitter_card":"default","twitter_image_type":"default","twitter_image_url":null,"twitter_image_custom_url":null,"twitter_image_custom_fields":null,"twitter_title":null,"twitter_description":null,"schema":{"blockGraphs":[],"customGraphs":[],"default":{"data":{"Article":[],"Course":[],"Dataset":[],"FAQPage":[],"Movie":[],"Person":[],"Product":[],"ProductReview":[],"Car":[],"Recipe":[],"Service":[],"SoftwareApplication":[],"WebPage":[]},"graphName":"Article","isEnabled":true},"graphs":[]},"schema_type":"default","schema_type_options":null,"pillar_content":false,"robots_default":true,"robots_noindex":false,"robots_noarchive":false,"robots_nosnippet":false,"robots_nofollow":false,"robots_noimageindex":false,"robots_noodp":false,"robots_notranslate":false,"robots_max_snippet":"-1","robots_max_videopreview":"-1","robots_max_imagepreview":"large","priority":null,"frequency":"default","local_seo":null,"breadcrumb_settings":null,"limit_modified_date":false,"ai":{"faqs":[],"keyPoints":[],"schemas":[],"titles":[],"descriptions":[],"socialPosts":{"email":{"subject":"","preview":"","content":""},"linkedin":[],"twitter":[],"facebook":[],"instagram":[]}},"created":"2026-08-11 16:01:30","updated":"2026-08-11 16:08:29","seo_analyzer_scan_date":null,"focus_keyword":null,"additional_keywords":null,"truseo_locale":null},"aioseo_breadcrumb":"<div class=\"aioseo-breadcrumbs\"><span class=\"aioseo-breadcrumb\">\n\t\t\t<a href=\"https:\/\/www.ja-lesieur.com\/en\/\" title=\"Accueil\">Accueil<\/a>\n\t\t<\/span><span class=\"aioseo-breadcrumb-separator\">&raquo;<\/span><span class=\"aioseo-breadcrumb\">\n\t\t\t<a href=\"https:\/\/www.ja-lesieur.com\/en\/category\/obituary\/\" title=\"Obituary\">Obituary<\/a>\n\t\t<\/span><span class=\"aioseo-breadcrumb-separator\">&raquo;<\/span><span class=\"aioseo-breadcrumb\">\n\t\t\tM. R\u00e9mi Huard, 1936-2026\n\t\t<\/span><\/div>","aioseo_breadcrumb_json":[{"label":"Accueil","link":"https:\/\/www.ja-lesieur.com\/en\/"},{"label":"Obituary","link":"https:\/\/www.ja-lesieur.com\/en\/category\/obituary\/"},{"label":"M. R\u00e9mi Huard, 1936-2026","link":"https:\/\/www.ja-lesieur.com\/en\/m-remi-huard-1936-2026\/"}],"jetpack_sharing_enabled":true,"jetpack_featured_media_url":"https:\/\/www.ja-lesieur.com\/wp-content\/uploads\/2026\/08\/remi-huart-carre-complexe-funeraire-lesieur-des-services-complets-1-scaled-e1785962496465.jpg","_links":{"self":[{"href":"https:\/\/www.ja-lesieur.com\/en\/wp-json\/wp\/v2\/posts\/22012","targetHints":{"allow":["GET"]}}],"collection":[{"href":"https:\/\/www.ja-lesieur.com\/en\/wp-json\/wp\/v2\/posts"}],"about":[{"href":"https:\/\/www.ja-lesieur.com\/en\/wp-json\/wp\/v2\/types\/post"}],"author":[{"embeddable":true,"href":"https:\/\/www.ja-lesieur.com\/en\/wp-json\/wp\/v2\/users\/8"}],"replies":[{"embeddable":true,"href":"https:\/\/www.ja-lesieur.com\/en\/wp-json\/wp\/v2\/comments?post=22012"}],"version-history":[{"count":2,"href":"https:\/\/www.ja-lesieur.com\/en\/wp-json\/wp\/v2\/posts\/22012\/revisions"}],"predecessor-version":[{"id":22015,"href":"https:\/\/www.ja-lesieur.com\/en\/wp-json\/wp\/v2\/posts\/22012\/revisions\/22015"}],"wp:featuredmedia":[{"embeddable":true,"href":"https:\/\/www.ja-lesieur.com\/en\/wp-json\/wp\/v2\/media\/21973"}],"wp:attachment":[{"href":"https:\/\/www.ja-lesieur.com\/en\/wp-json\/wp\/v2\/media?parent=22012"}],"wp:term":[{"taxonomy":"category","embeddable":true,"href":"https:\/\/www.ja-lesieur.com\/en\/wp-json\/wp\/v2\/categories?post=22012"},{"taxonomy":"post_tag","embeddable":true,"href":"https:\/\/www.ja-lesieur.com\/en\/wp-json\/wp\/v2\/tags?post=22012"}],"curies":[{"name":"wp","href":"https:\/\/api.w.org\/{rel}","templated":true}]}}