{"id":4940,"date":"2018-05-06T16:35:18","date_gmt":"2018-05-06T16:35:18","guid":{"rendered":"http:\/\/www.ja-lesieur.com\/?p=4940"},"modified":"2018-05-06T16:35:18","modified_gmt":"2018-05-06T16:35:18","slug":"m-claude-chouinard-1942-2018","status":"publish","type":"post","link":"https:\/\/www.ja-lesieur.com\/en\/m-claude-chouinard-1942-2018\/","title":{"rendered":"M. Claude Chouinard 1942-2018"},"content":{"rendered":"<div class=\"body_wrap\">\n<div class=\"page_wrap\">\n<div class=\"page_content_wrap\">\n<div class=\"content_wrap\">\n<div class=\"content\">\n<article class=\"itemscope post_item post_item_single post_featured_default post_format_standard post-4934 post type-post status-publish format-standard has-post-thumbnail hentry category-avis-de-deces\">\n<section class=\"post_content\">\u00c0 son domicile, le 5 mai 2018, \u00e0 l\u2019\u00e2ge de 75 ans, est d\u00e9c\u00e9d\u00e9 M. Claude Chouinard, \u00e9poux de Mireille Dodier, demeurant \u00e0 Granby.<\/p>\n<p>Outre son \u00e9pouse, il laisse dans le deuil sa fille Marie-Claude (Sylvain Luce), autres parents et ami(e)s.<\/p>\n<p>L\u2019Aquamation a \u00e9t\u00e9 confi\u00e9e au Bio-cr\u00e9matorium Le Sieur de Granby.<\/p>\n<p>COMPLEXE FUN\u00c9RAIRE<\/p>\n<p>LESIEUR<\/p>\n<p>60 Boul. Pie IX, Granby, Qc<\/p>\n<p>t\u00e9l: 450-777-1414 t\u00e9lec: 450-777-0999<\/p>\n<p>www.lesieur.ca \u2013 info@lesieur.ca<\/p>\n<p>Membre de la CTQ<\/p>\n<p>Afin de respecter les derni\u00e8res volont\u00e9s de M. Claude Chouinard, il n\u2019y aura pas d\u2019exposition.\u00a0 Une c\u00e9r\u00e9monie aura lieu au Complexe fun\u00e9raire Le Sieur dans la plus stricte intimit\u00e9.<\/p>\n<p>La famille remercie le d\u00e9partement d\u2019h\u00e9modialyse ainsi qu\u2019un remerciement particulier au Dr. Carole Pichette du Cendre hospitalier de Granby pour leur d\u00e9vouement.<\/p>\n<\/section>\n<\/article>\n<\/div>\n<\/div>\n<\/div>\n<\/div>\n<\/div>\n","protected":false},"excerpt":{"rendered":"<p>\u00c0 son domicile, le 5 mai 2018, \u00e0 l\u2019\u00e2ge de 75 ans, est d\u00e9c\u00e9d\u00e9 M. Claude Chouinard, \u00e9poux de Mireille Dodier, demeurant \u00e0 Granby. Outre son \u00e9pouse, il laisse dans le deuil sa fille Marie-Claude (Sylvain Luce), autres parents et ami(e)s. L\u2019Aquamation a \u00e9t\u00e9 confi\u00e9e au Bio-cr\u00e9matorium Le Sieur de Granby. COMPLEXE FUN\u00c9RAIRE LESIEUR 60 [&hellip;]<\/p>\n","protected":false},"author":1,"featured_media":4938,"comment_status":"closed","ping_status":"closed","sticky":false,"template":"","format":"standard","meta":{"_crdt_document":"","_jetpack_memberships_contains_paid_content":false,"footnotes":""},"categories":[97],"tags":[],"class_list":["post-4940","post","type-post","status-publish","format-standard","has-post-thumbnail","hentry","category-obituary"],"aioseo_notices":[],"jetpack_featured_media_url":"https:\/\/www.ja-lesieur.com\/wp-content\/uploads\/2018\/05\/Claude-Chouinard-CARR\u00c9-e1525624445918.jpg","jetpack_sharing_enabled":true,"_links":{"self":[{"href":"https:\/\/www.ja-lesieur.com\/en\/wp-json\/wp\/v2\/posts\/4940","targetHints":{"allow":["GET"]}}],"collection":[{"href":"https:\/\/www.ja-lesieur.com\/en\/wp-json\/wp\/v2\/posts"}],"about":[{"href":"https:\/\/www.ja-lesieur.com\/en\/wp-json\/wp\/v2\/types\/post"}],"author":[{"embeddable":true,"href":"https:\/\/www.ja-lesieur.com\/en\/wp-json\/wp\/v2\/users\/1"}],"replies":[{"embeddable":true,"href":"https:\/\/www.ja-lesieur.com\/en\/wp-json\/wp\/v2\/comments?post=4940"}],"version-history":[{"count":1,"href":"https:\/\/www.ja-lesieur.com\/en\/wp-json\/wp\/v2\/posts\/4940\/revisions"}],"predecessor-version":[{"id":4942,"href":"https:\/\/www.ja-lesieur.com\/en\/wp-json\/wp\/v2\/posts\/4940\/revisions\/4942"}],"wp:featuredmedia":[{"embeddable":true,"href":"https:\/\/www.ja-lesieur.com\/en\/wp-json\/wp\/v2\/media\/4938"}],"wp:attachment":[{"href":"https:\/\/www.ja-lesieur.com\/en\/wp-json\/wp\/v2\/media?parent=4940"}],"wp:term":[{"taxonomy":"category","embeddable":true,"href":"https:\/\/www.ja-lesieur.com\/en\/wp-json\/wp\/v2\/categories?post=4940"},{"taxonomy":"post_tag","embeddable":true,"href":"https:\/\/www.ja-lesieur.com\/en\/wp-json\/wp\/v2\/tags?post=4940"}],"curies":[{"name":"wp","href":"https:\/\/api.w.org\/{rel}","templated":true}]}}