{"id":4979,"date":"2018-05-10T18:48:43","date_gmt":"2018-05-10T18:48:43","guid":{"rendered":"http:\/\/www.ja-lesieur.com\/?p=4979"},"modified":"2018-05-10T18:48:43","modified_gmt":"2018-05-10T18:48:43","slug":"m-gilles-gobeille","status":"publish","type":"post","link":"https:\/\/www.ja-lesieur.com\/en\/m-gilles-gobeille\/","title":{"rendered":"M. Gilles Gobeille"},"content":{"rendered":"<div class=\"body_wrap\">\n<div class=\"page_wrap\">\n<div class=\"page_content_wrap\">\n<div class=\"content_wrap\">\n<div class=\"content\">\n<article class=\"itemscope post_item post_item_single post_featured_default post_format_standard post-4975 post type-post status-publish format-standard has-post-thumbnail hentry category-avis-de-deces\">\n<section class=\"post_content\">Paisiblement \u00e0 son domicile, entour\u00e9 de l\u2019amour de ses proches, le 8 mai 2018, est d\u00e9c\u00e9d\u00e9 M. Gilles Gobeille, conjoint de Mme Rita Hevey, demeurant \u00e0 Granby.<\/p>\n<p>Outre sa conjointe Rita, il laisse dans le deuil ses enfants: Jonathan (\u00c9milie), Micha\u00ebl (M\u00e9lanie), sa belle-fille Johanne Adam (Olivier), ses 4 petits-enfants: Lyssia, Ma\u00e9lie, Marianne et Simon, son fr\u00e8re: Robert (Pierrette), sa belle-s\u0153ur; Madeleine ainsi que plusieurs neveux, ni\u00e8ces, autres parents et ami(e)s.<\/p>\n<p>L\u2019Aquamation a eu lieu au Bio-Cr\u00e9matorium Le Sieur de Granby.<\/p>\n<p>La famille recevra les t\u00e9moignages de sympathie \u00e0 compter de 14 heures, le lundi 14 mai 2018, journ\u00e9e de la c\u00e9r\u00e9monie au :<\/p>\n<p>COMPLEXE FUN\u00c9RAIRE<\/p>\n<p>LESIEUR<\/p>\n<p>60 Boul. Pie IX, Granby, Qc<\/p>\n<p>t\u00e9l: 450-777-1414 t\u00e9lec: 450-777-0999<\/p>\n<p>www.lesieur.ca \u2013 info@lesieur.ca<\/p>\n<p>Membre de la CTQ<\/p>\n<p>La Liturgie de la Parole aura lieu le lundi 14 mai 2018 \u00e0 16 heures, en la Chapelle Le Sieur, suivie de l\u2019inhumation au cimeti\u00e8re Mgr Pelletier de Granby \u00e0 une date ult\u00e9rieure.<\/p>\n<p>La famille d\u00e9sire remercier le Dre Isabelle Mayrand et le personnel du CLSC de Granby pour les bons soins prodigu\u00e9s \u00e0 M. Gobeille.<\/p>\n<\/section>\n<\/article>\n<\/div>\n<\/div>\n<\/div>\n<\/div>\n<\/div>\n","protected":false},"excerpt":{"rendered":"<p>Paisiblement \u00e0 son domicile, entour\u00e9 de l\u2019amour de ses proches, le 8 mai 2018, est d\u00e9c\u00e9d\u00e9 M. Gilles Gobeille, conjoint de Mme Rita Hevey, demeurant \u00e0 Granby. Outre sa conjointe Rita, il laisse dans le deuil ses enfants: Jonathan (\u00c9milie), Micha\u00ebl (M\u00e9lanie), sa belle-fille Johanne Adam (Olivier), ses 4 petits-enfants: Lyssia, Ma\u00e9lie, Marianne et Simon, [&hellip;]<\/p>\n","protected":false},"author":1,"featured_media":4977,"comment_status":"closed","ping_status":"closed","sticky":false,"template":"","format":"standard","meta":{"_crdt_document":"","_jetpack_memberships_contains_paid_content":false,"footnotes":""},"categories":[97],"tags":[],"class_list":["post-4979","post","type-post","status-publish","format-standard","has-post-thumbnail","hentry","category-obituary"],"aioseo_notices":[],"jetpack_featured_media_url":"https:\/\/www.ja-lesieur.com\/wp-content\/uploads\/2018\/05\/Gilles-Gobeille-carr\u00e9e-e1525978015445.jpg","jetpack_sharing_enabled":true,"_links":{"self":[{"href":"https:\/\/www.ja-lesieur.com\/en\/wp-json\/wp\/v2\/posts\/4979","targetHints":{"allow":["GET"]}}],"collection":[{"href":"https:\/\/www.ja-lesieur.com\/en\/wp-json\/wp\/v2\/posts"}],"about":[{"href":"https:\/\/www.ja-lesieur.com\/en\/wp-json\/wp\/v2\/types\/post"}],"author":[{"embeddable":true,"href":"https:\/\/www.ja-lesieur.com\/en\/wp-json\/wp\/v2\/users\/1"}],"replies":[{"embeddable":true,"href":"https:\/\/www.ja-lesieur.com\/en\/wp-json\/wp\/v2\/comments?post=4979"}],"version-history":[{"count":1,"href":"https:\/\/www.ja-lesieur.com\/en\/wp-json\/wp\/v2\/posts\/4979\/revisions"}],"predecessor-version":[{"id":4981,"href":"https:\/\/www.ja-lesieur.com\/en\/wp-json\/wp\/v2\/posts\/4979\/revisions\/4981"}],"wp:featuredmedia":[{"embeddable":true,"href":"https:\/\/www.ja-lesieur.com\/en\/wp-json\/wp\/v2\/media\/4977"}],"wp:attachment":[{"href":"https:\/\/www.ja-lesieur.com\/en\/wp-json\/wp\/v2\/media?parent=4979"}],"wp:term":[{"taxonomy":"category","embeddable":true,"href":"https:\/\/www.ja-lesieur.com\/en\/wp-json\/wp\/v2\/categories?post=4979"},{"taxonomy":"post_tag","embeddable":true,"href":"https:\/\/www.ja-lesieur.com\/en\/wp-json\/wp\/v2\/tags?post=4979"}],"curies":[{"name":"wp","href":"https:\/\/api.w.org\/{rel}","templated":true}]}}