{"id":4986,"date":"2018-05-11T19:51:49","date_gmt":"2018-05-11T19:51:49","guid":{"rendered":"http:\/\/www.ja-lesieur.com\/?p=4986"},"modified":"2018-05-12T14:54:41","modified_gmt":"2018-05-12T14:54:41","slug":"mme-therese-bernard-1931-2018","status":"publish","type":"post","link":"https:\/\/www.ja-lesieur.com\/en\/mme-therese-bernard-1931-2018\/","title":{"rendered":"Mme Th\u00e9r\u00e8se Bernard 1931-2018"},"content":{"rendered":"<p>\u00c0 Granby, le 10 mai 2018, \u00e0 l&#8217;\u00e2ge de 86 ans, est d\u00e9c\u00e9d\u00e9e Mme Th\u00e9r\u00e8se Bernard, de West-Brome.<\/p>\n<p>Elle laisse dans le deuil ses s\u0153urs Marie Brouillette de Granby, C\u00e9cile de Brossard et Denise, ses fr\u00e8res : Jacques, Michel, Louis et Prosper (Francine)\u00a0 ainsi que plusieurs neveux, ni\u00e8ces, autres parents et amis.<\/p>\n<p>L\u2019Aquamation a eu lieu au Bio-Cr\u00e9matorium\u00a0 Le Sieur de Granby.<\/p>\n<p><strong>La famille vous accueillera le samedi 2 juin 2018 \u00e0 compter de 9 heures au\u00a0 Complexe fun\u00e9raire Le Sieur de Granby.<\/strong><\/p>\n<p><strong>COMPLEXE FUN\u00c9RAIRE<\/strong><\/p>\n<p><strong>LESIEUR<\/strong><\/p>\n<p><strong>60 Boul. Pie IX, Granby, Qc<\/strong><\/p>\n<p><strong>t\u00e9l: 450-777-1414 t\u00e9lec: 450-777-0999<\/strong><\/p>\n<p><strong>www.lesieur.ca &#8211; info@lesieur.ca<\/strong><\/p>\n<p><strong>Membre de la CTQ<\/strong><\/p>\n<p>Un Hommage \u00e0 la vie sera c\u00e9l\u00e9br\u00e9 ce m\u00eame jour \u00e0 10h30 en la Chapelle Le Sieur. Les cendres seront ensuite d\u00e9pos\u00e9es au cimeti\u00e8re Mgr Pelletier, Granby.<\/p>\n<p>Des dons \u00e0 la Fondation Alzheimer de Granby et r\u00e9gion seraient appr\u00e9ci\u00e9s. Formulaires disponibles au bureau du Complexe Le Sieur<\/p>\n<p>La famille d\u00e9sire remercier le personnel de La Villa Bonheur pour leur d\u00e9vouement.<\/p>\n","protected":false},"excerpt":{"rendered":"<p>\u00c0 Granby, le 10 mai 2018, \u00e0 l&#8217;\u00e2ge de 86 ans, est d\u00e9c\u00e9d\u00e9e Mme Th\u00e9r\u00e8se Bernard, de West-Brome. Elle laisse dans le deuil ses s\u0153urs Marie Brouillette de Granby, C\u00e9cile de Brossard et Denise, ses fr\u00e8res : Jacques, Michel, Louis et Prosper (Francine)\u00a0 ainsi que plusieurs neveux, ni\u00e8ces, autres parents et amis. L\u2019Aquamation a eu [&hellip;]<\/p>\n","protected":false},"author":1,"featured_media":4984,"comment_status":"closed","ping_status":"closed","sticky":false,"template":"","format":"standard","meta":{"_crdt_document":"","_jetpack_memberships_contains_paid_content":false,"footnotes":""},"categories":[97],"tags":[],"class_list":["post-4986","post","type-post","status-publish","format-standard","has-post-thumbnail","hentry","category-obituary"],"aioseo_notices":[],"jetpack_featured_media_url":"https:\/\/www.ja-lesieur.com\/wp-content\/uploads\/2018\/05\/Th\u00e9r\u00e8se-Bernard-carr\u00e9e-e1526068198420.jpg","jetpack_sharing_enabled":true,"_links":{"self":[{"href":"https:\/\/www.ja-lesieur.com\/en\/wp-json\/wp\/v2\/posts\/4986","targetHints":{"allow":["GET"]}}],"collection":[{"href":"https:\/\/www.ja-lesieur.com\/en\/wp-json\/wp\/v2\/posts"}],"about":[{"href":"https:\/\/www.ja-lesieur.com\/en\/wp-json\/wp\/v2\/types\/post"}],"author":[{"embeddable":true,"href":"https:\/\/www.ja-lesieur.com\/en\/wp-json\/wp\/v2\/users\/1"}],"replies":[{"embeddable":true,"href":"https:\/\/www.ja-lesieur.com\/en\/wp-json\/wp\/v2\/comments?post=4986"}],"version-history":[{"count":2,"href":"https:\/\/www.ja-lesieur.com\/en\/wp-json\/wp\/v2\/posts\/4986\/revisions"}],"predecessor-version":[{"id":4989,"href":"https:\/\/www.ja-lesieur.com\/en\/wp-json\/wp\/v2\/posts\/4986\/revisions\/4989"}],"wp:featuredmedia":[{"embeddable":true,"href":"https:\/\/www.ja-lesieur.com\/en\/wp-json\/wp\/v2\/media\/4984"}],"wp:attachment":[{"href":"https:\/\/www.ja-lesieur.com\/en\/wp-json\/wp\/v2\/media?parent=4986"}],"wp:term":[{"taxonomy":"category","embeddable":true,"href":"https:\/\/www.ja-lesieur.com\/en\/wp-json\/wp\/v2\/categories?post=4986"},{"taxonomy":"post_tag","embeddable":true,"href":"https:\/\/www.ja-lesieur.com\/en\/wp-json\/wp\/v2\/tags?post=4986"}],"curies":[{"name":"wp","href":"https:\/\/api.w.org\/{rel}","templated":true}]}}