{"id":5921,"date":"2018-11-02T18:50:40","date_gmt":"2018-11-02T18:50:40","guid":{"rendered":"http:\/\/www.ja-lesieur.com\/?p=5921"},"modified":"2018-11-07T18:51:46","modified_gmt":"2018-11-07T18:51:46","slug":"m-raymond-rene-fontaine-1934-2018","status":"publish","type":"post","link":"https:\/\/www.ja-lesieur.com\/en\/m-raymond-rene-fontaine-1934-2018\/","title":{"rendered":"M. Raymond Ren\u00e9 Fontaine 1934-2018"},"content":{"rendered":"<p>\u00c0 Granby, le 2 novembre 2018, \u00e0 l&#8217;\u00e2ge de 84 ans, est d\u00e9c\u00e9d\u00e9 M. Raymond Ren\u00e9 Fontaine, \u00a0\u00a0demeurant \u00e0 Granby et natif de Ste-C\u00e9cile de Milton.<\/p>\n<p>\u00c9poux en premi\u00e8re noce de feu Aurore Laram\u00e9e, il laisse dans le deuil sa compagne de vie depuis 30 ans Claire ainsi que sa fille Dominique (Marc); Andr\u00e9anne et Marc Olivier, Sylvie (Alain), Guillaume, Mario (Brigitte), Anthony et Maude; son fils Ghislain (Sophie) ainsi que leurs enfants\u00a0: V\u00e9ronique, Maude et Jimmy. Sa fille Jos\u00e9e, Bob et ses enfants\u00a0: Jonathan, Alexandre, Patrick et Patricia; ses petits-enfants, ses sept arri\u00e8re-petits-enfants, ainsi que plusieurs beaux-fr\u00e8res, belles-s\u0153urs, neveux, ni\u00e8ces, autres parents et ami(e)s.<\/p>\n<p>&nbsp;<\/p>\n<p><strong>L&#8217;Aquamation a eu lieu au Bio-Cr\u00e9matorium Le Sieur de Granby.<\/strong><\/p>\n<p>&nbsp;<\/p>\n<p><strong>La famille vous accueillera le samedi 17 novembre de 13 \u00e0 15 heures au\u00a0:<\/strong><\/p>\n<p>&nbsp;<\/p>\n<p><strong>COMPLEXE FUN\u00c9RAIRE<\/strong><\/p>\n<p><strong>LESIEUR<\/strong><\/p>\n<p><strong>60 Boul. Pie IX, Granby, Qc<\/strong><\/p>\n<p><strong>t\u00e9l: 450-777-1414 t\u00e9lec: 450-777-0999<\/strong><\/p>\n<p><strong>www.lesieur.ca &#8211; info@lesieur.ca<\/strong><\/p>\n<p><strong>Membre de la CTQ<\/strong><\/p>\n<p>&nbsp;<\/p>\n<p>L\u2019hommage \u00e0 la vie sera c\u00e9l\u00e9br\u00e9 ce m\u00eame jour \u00e0 15 heures en la Chapelle Le Sieur.<\/p>\n<p>L\u2019inhumation de l\u2019urne aura lieu \u00e0 une date ult\u00e9rieure dans la plus stricte intimit\u00e9 familiale.<\/p>\n<p>La famille d\u00e9sire remercier l\u2019\u00e9quipe du centre hospitalier de Granby et de la r\u00e9sidence Villa Bonheur pour les bons soins prodigu\u00e9s.<\/p>\n","protected":false},"excerpt":{"rendered":"<p>\u00c0 Granby, le 2 novembre 2018, \u00e0 l&#8217;\u00e2ge de 84 ans, est d\u00e9c\u00e9d\u00e9 M. Raymond Ren\u00e9 Fontaine, \u00a0\u00a0demeurant \u00e0 Granby et natif de Ste-C\u00e9cile de Milton. \u00c9poux en premi\u00e8re noce de feu Aurore Laram\u00e9e, il laisse dans le deuil sa compagne de vie depuis 30 ans Claire ainsi que sa fille Dominique (Marc); Andr\u00e9anne et [&hellip;]<\/p>\n","protected":false},"author":1,"featured_media":5919,"comment_status":"closed","ping_status":"closed","sticky":false,"template":"","format":"standard","meta":{"_crdt_document":"","_jetpack_memberships_contains_paid_content":false,"footnotes":""},"categories":[97],"tags":[],"class_list":["post-5921","post","type-post","status-publish","format-standard","has-post-thumbnail","hentry","category-obituary"],"aioseo_notices":[],"jetpack_featured_media_url":"https:\/\/www.ja-lesieur.com\/wp-content\/uploads\/2018\/11\/Raymond-Fontaine-CARR\u00c9-e1541616524820.jpg","jetpack_sharing_enabled":true,"_links":{"self":[{"href":"https:\/\/www.ja-lesieur.com\/en\/wp-json\/wp\/v2\/posts\/5921","targetHints":{"allow":["GET"]}}],"collection":[{"href":"https:\/\/www.ja-lesieur.com\/en\/wp-json\/wp\/v2\/posts"}],"about":[{"href":"https:\/\/www.ja-lesieur.com\/en\/wp-json\/wp\/v2\/types\/post"}],"author":[{"embeddable":true,"href":"https:\/\/www.ja-lesieur.com\/en\/wp-json\/wp\/v2\/users\/1"}],"replies":[{"embeddable":true,"href":"https:\/\/www.ja-lesieur.com\/en\/wp-json\/wp\/v2\/comments?post=5921"}],"version-history":[{"count":1,"href":"https:\/\/www.ja-lesieur.com\/en\/wp-json\/wp\/v2\/posts\/5921\/revisions"}],"predecessor-version":[{"id":5923,"href":"https:\/\/www.ja-lesieur.com\/en\/wp-json\/wp\/v2\/posts\/5921\/revisions\/5923"}],"wp:featuredmedia":[{"embeddable":true,"href":"https:\/\/www.ja-lesieur.com\/en\/wp-json\/wp\/v2\/media\/5919"}],"wp:attachment":[{"href":"https:\/\/www.ja-lesieur.com\/en\/wp-json\/wp\/v2\/media?parent=5921"}],"wp:term":[{"taxonomy":"category","embeddable":true,"href":"https:\/\/www.ja-lesieur.com\/en\/wp-json\/wp\/v2\/categories?post=5921"},{"taxonomy":"post_tag","embeddable":true,"href":"https:\/\/www.ja-lesieur.com\/en\/wp-json\/wp\/v2\/tags?post=5921"}],"curies":[{"name":"wp","href":"https:\/\/api.w.org\/{rel}","templated":true}]}}