{"id":7022,"date":"2019-09-08T13:55:14","date_gmt":"2019-09-08T13:55:14","guid":{"rendered":"http:\/\/www.ja-lesieur.com\/?p=7022"},"modified":"2019-09-10T13:57:07","modified_gmt":"2019-09-10T13:57:07","slug":"m-robert-jutras-1929-2019","status":"publish","type":"post","link":"https:\/\/www.ja-lesieur.com\/en\/m-robert-jutras-1929-2019\/","title":{"rendered":"M. Robert Jutras 1929-2019"},"content":{"rendered":"<p><strong><em><u>Jutras, M. Robert 1929-2019<\/u><\/em><\/strong><\/p>\n<p>Au C.H.G., le 8 septembre 2019, \u00e0 l&#8217;\u00e2ge de 90 ans, est d\u00e9c\u00e9d\u00e9 M. Robert Jutras, \u00e9poux de feu Mme Marguerite Guertin, demeurant \u00e0 Granby.<\/p>\n<p>Il laisse dans le deuil ses enfants: Pierre (Ginette), Monique (Jacques), Andr\u00e9 (Danielle) et Guy (Sylvie); ses huit petits-enfants et dix arri\u00e8re-petits-enfants; ses s\u0153urs et fr\u00e8res: Marguerite, Annette, Ren\u00e9 et G\u00e9rard. Il \u00e9tait le p\u00e8re de feu Gilles et le fr\u00e8re de feu Jean-Gilles.\u00a0 Il laisse aussi dans le deuil plusieurs beaux-fr\u00e8res, belles-s\u0153urs, neveux, ni\u00e8ces, autres parents et ami(e)s.<\/p>\n<p><strong>La cr\u00e9mation a eu lieu sous la direction du Complexe fun\u00e9raire Le Sieur de Granby.<\/strong><\/p>\n<p><strong>La famille recevra les t\u00e9moignages de sympathie le samedi 14 septembre 2019 \u00e0 compter de 13 heures, au\u00a0: <\/strong><\/p>\n<p><strong>COMPLEXE FUN\u00c9RAIRE<\/strong><\/p>\n<p><strong>LESIEUR<\/strong><\/p>\n<p><strong>60 Boul. Pie IX, Granby, Qc<\/strong><\/p>\n<p><strong>t\u00e9l: 450-777-1414 t\u00e9lec: 450-777-0999<\/strong><\/p>\n<p><strong>www.lesieur.ca &#8211; info@lesieur.ca<\/strong><\/p>\n<p><strong>Membre de la CTQ<\/strong><\/p>\n<p>L\u2019Hommage \u00e0 la vie aura lieu ce m\u00eame jour \u00e0 15 heures en la Chapelle Le Sieur.\u00a0 L\u2019inhumation de l\u2019urne aura lieu dans la plus stricte intimit\u00e9 \u00e0 une date ult\u00e9rieure.<\/p>\n<p>&nbsp;<\/p>\n","protected":false},"excerpt":{"rendered":"<p>Jutras, M. Robert 1929-2019 Au C.H.G., le 8 septembre 2019, \u00e0 l&#8217;\u00e2ge de 90 ans, est d\u00e9c\u00e9d\u00e9 M. Robert Jutras, \u00e9poux de feu Mme Marguerite Guertin, demeurant \u00e0 Granby. Il laisse dans le deuil ses enfants: Pierre (Ginette), Monique (Jacques), Andr\u00e9 (Danielle) et Guy (Sylvie); ses huit petits-enfants et dix arri\u00e8re-petits-enfants; ses s\u0153urs et fr\u00e8res: [&hellip;]<\/p>\n","protected":false},"author":1,"featured_media":7019,"comment_status":"closed","ping_status":"closed","sticky":false,"template":"","format":"standard","meta":{"_jetpack_newsletter_access":"","_jetpack_dont_email_post_to_subs":false,"_jetpack_newsletter_tier_id":0,"_jetpack_memberships_contains_paywalled_content":false,"_jetpack_memberships_contains_paid_content":false,"footnotes":""},"categories":[97],"tags":[],"class_list":["post-7022","post","type-post","status-publish","format-standard","has-post-thumbnail","hentry","category-obituary"],"aioseo_notices":[],"aioseo_head":"\n\t\t<!-- All in One SEO 5.0.1.1 - aioseo.com -->\n\t<meta name=\"robots\" content=\"max-image-preview:large\" \/>\n\t<meta name=\"author\" content=\"jalesieur\"\/>\n\t<link rel=\"canonical\" href=\"https:\/\/www.ja-lesieur.com\/en\/m-robert-jutras-1929-2019\/\" \/>\n\t<meta name=\"generator\" content=\"All in One SEO (AIOSEO) 5.0.1.1\" \/>\n\t\t<meta property=\"og:locale\" content=\"en_US\" \/>\n\t\t<meta property=\"og:site_name\" content=\"Funeral Complex LeSieur comprehensive services | ja-lesieur.com\" \/>\n\t\t<meta property=\"og:type\" content=\"article\" \/>\n\t\t<meta property=\"og:title\" content=\"M. Robert Jutras 1929-2019 | Funeral Complex LeSieur comprehensive services\" \/>\n\t\t<meta property=\"og:url\" content=\"https:\/\/www.ja-lesieur.com\/en\/m-robert-jutras-1929-2019\/\" \/>\n\t\t<meta property=\"article:published_time\" content=\"2019-09-08T13:55:14+00:00\" \/>\n\t\t<meta property=\"article:modified_time\" content=\"2019-09-10T13:57:07+00:00\" \/>\n\t\t<script type=\"application\/ld+json\" class=\"aioseo-schema\">\n\t\t\t{\"@context\":\"https:\\\/\\\/schema.org\",\"@graph\":[{\"@type\":\"Article\",\"@id\":\"https:\\\/\\\/www.ja-lesieur.com\\\/en\\\/m-robert-jutras-1929-2019\\\/#article\",\"name\":\"M. Robert Jutras 1929-2019 | Funeral Complex LeSieur comprehensive services\",\"headline\":\"M. Robert Jutras 1929-2019\",\"author\":{\"@id\":\"https:\\\/\\\/www.ja-lesieur.com\\\/en\\\/author\\\/jalesieur\\\/#author\"},\"publisher\":{\"@id\":\"https:\\\/\\\/www.ja-lesieur.com\\\/en\\\/#organization\"},\"image\":{\"@type\":\"ImageObject\",\"url\":\"https:\\\/\\\/www.ja-lesieur.com\\\/wp-content\\\/uploads\\\/2019\\\/09\\\/Robert-Jutras-e1568123641543.jpg\",\"width\":150,\"height\":150},\"datePublished\":\"2019-09-08T13:55:14-04:00\",\"dateModified\":\"2019-09-10T13:57:07-04:00\",\"inLanguage\":\"en-US\",\"mainEntityOfPage\":{\"@id\":\"https:\\\/\\\/www.ja-lesieur.com\\\/en\\\/m-robert-jutras-1929-2019\\\/#webpage\"},\"isPartOf\":{\"@id\":\"https:\\\/\\\/www.ja-lesieur.com\\\/en\\\/m-robert-jutras-1929-2019\\\/#webpage\"},\"articleSection\":\"Obituary\"},{\"@type\":\"BreadcrumbList\",\"@id\":\"https:\\\/\\\/www.ja-lesieur.com\\\/en\\\/m-robert-jutras-1929-2019\\\/#breadcrumblist\",\"itemListElement\":[{\"@type\":\"ListItem\",\"@id\":\"https:\\\/\\\/www.ja-lesieur.com\\\/en\\\/#listItem\",\"position\":1,\"name\":\"Accueil\",\"item\":\"https:\\\/\\\/www.ja-lesieur.com\\\/en\\\/\",\"nextItem\":{\"@type\":\"ListItem\",\"@id\":\"https:\\\/\\\/www.ja-lesieur.com\\\/en\\\/category\\\/obituary\\\/#listItem\",\"name\":\"Obituary\"}},{\"@type\":\"ListItem\",\"@id\":\"https:\\\/\\\/www.ja-lesieur.com\\\/en\\\/category\\\/obituary\\\/#listItem\",\"position\":2,\"name\":\"Obituary\",\"item\":\"https:\\\/\\\/www.ja-lesieur.com\\\/en\\\/category\\\/obituary\\\/\",\"nextItem\":{\"@type\":\"ListItem\",\"@id\":\"https:\\\/\\\/www.ja-lesieur.com\\\/en\\\/m-robert-jutras-1929-2019\\\/#listItem\",\"name\":\"M. Robert Jutras 1929-2019\"},\"previousItem\":{\"@type\":\"ListItem\",\"@id\":\"https:\\\/\\\/www.ja-lesieur.com\\\/en\\\/#listItem\",\"name\":\"Accueil\"}},{\"@type\":\"ListItem\",\"@id\":\"https:\\\/\\\/www.ja-lesieur.com\\\/en\\\/m-robert-jutras-1929-2019\\\/#listItem\",\"position\":3,\"name\":\"M. Robert Jutras 1929-2019\",\"previousItem\":{\"@type\":\"ListItem\",\"@id\":\"https:\\\/\\\/www.ja-lesieur.com\\\/en\\\/category\\\/obituary\\\/#listItem\",\"name\":\"Obituary\"}}]},{\"@type\":\"Organization\",\"@id\":\"https:\\\/\\\/www.ja-lesieur.com\\\/en\\\/#organization\",\"name\":\"Complexe fun\\u00e9raire LeSieur\",\"description\":\"ja-lesieur.com\",\"url\":\"https:\\\/\\\/www.ja-lesieur.com\\\/en\\\/\",\"telephone\":\"+18883678471\"},{\"@type\":\"Person\",\"@id\":\"https:\\\/\\\/www.ja-lesieur.com\\\/en\\\/author\\\/jalesieur\\\/#author\",\"url\":\"https:\\\/\\\/www.ja-lesieur.com\\\/en\\\/author\\\/jalesieur\\\/\",\"name\":\"jalesieur\",\"image\":{\"@type\":\"ImageObject\",\"@id\":\"https:\\\/\\\/www.ja-lesieur.com\\\/en\\\/m-robert-jutras-1929-2019\\\/#authorImage\",\"url\":\"\\\/\\\/www.gravatar.com\\\/avatar\\\/5afc64bab577539bd90d98b3264ef833?s=96&#038;r=g&#038;d=mm\",\"width\":96,\"height\":96,\"caption\":\"jalesieur\"}},{\"@type\":\"WebPage\",\"@id\":\"https:\\\/\\\/www.ja-lesieur.com\\\/en\\\/m-robert-jutras-1929-2019\\\/#webpage\",\"url\":\"https:\\\/\\\/www.ja-lesieur.com\\\/en\\\/m-robert-jutras-1929-2019\\\/\",\"name\":\"M. Robert Jutras 1929-2019 | Funeral Complex LeSieur comprehensive services\",\"inLanguage\":\"en-US\",\"isPartOf\":{\"@id\":\"https:\\\/\\\/www.ja-lesieur.com\\\/en\\\/#website\"},\"breadcrumb\":{\"@id\":\"https:\\\/\\\/www.ja-lesieur.com\\\/en\\\/m-robert-jutras-1929-2019\\\/#breadcrumblist\"},\"author\":{\"@id\":\"https:\\\/\\\/www.ja-lesieur.com\\\/en\\\/author\\\/jalesieur\\\/#author\"},\"creator\":{\"@id\":\"https:\\\/\\\/www.ja-lesieur.com\\\/en\\\/author\\\/jalesieur\\\/#author\"},\"image\":{\"@type\":\"ImageObject\",\"url\":\"https:\\\/\\\/www.ja-lesieur.com\\\/wp-content\\\/uploads\\\/2019\\\/09\\\/Robert-Jutras-e1568123641543.jpg\",\"@id\":\"https:\\\/\\\/www.ja-lesieur.com\\\/en\\\/m-robert-jutras-1929-2019\\\/#mainImage\",\"width\":150,\"height\":150},\"primaryImageOfPage\":{\"@id\":\"https:\\\/\\\/www.ja-lesieur.com\\\/en\\\/m-robert-jutras-1929-2019\\\/#mainImage\"},\"datePublished\":\"2019-09-08T13:55:14-04:00\",\"dateModified\":\"2019-09-10T13:57:07-04:00\"},{\"@type\":\"WebSite\",\"@id\":\"https:\\\/\\\/www.ja-lesieur.com\\\/en\\\/#website\",\"url\":\"https:\\\/\\\/www.ja-lesieur.com\\\/en\\\/\",\"name\":\"Complexe fun\\u00e9raire LeSieur des services complets\",\"description\":\"ja-lesieur.com\",\"inLanguage\":\"en-US\",\"publisher\":{\"@id\":\"https:\\\/\\\/www.ja-lesieur.com\\\/en\\\/#organization\"}}]}\n\t\t<\/script>\n\t\t<!-- All in One SEO -->\n\n","aioseo_head_json":{"title":"M. Robert Jutras 1929-2019 | Funeral Complex LeSieur comprehensive services","description":"","canonical_url":"https:\/\/www.ja-lesieur.com\/en\/m-robert-jutras-1929-2019\/","robots":"max-image-preview:large","keywords":"","webmasterTools":{"miscellaneous":""},"schema":{"@context":"https:\/\/schema.org","@graph":[{"@type":"Article","@id":"https:\/\/www.ja-lesieur.com\/en\/m-robert-jutras-1929-2019\/#article","name":"M. Robert Jutras 1929-2019 | Funeral Complex LeSieur comprehensive services","headline":"M. Robert Jutras 1929-2019","author":{"@id":"https:\/\/www.ja-lesieur.com\/en\/author\/jalesieur\/#author"},"publisher":{"@id":"https:\/\/www.ja-lesieur.com\/en\/#organization"},"image":{"@type":"ImageObject","url":"https:\/\/www.ja-lesieur.com\/wp-content\/uploads\/2019\/09\/Robert-Jutras-e1568123641543.jpg","width":150,"height":150},"datePublished":"2019-09-08T13:55:14-04:00","dateModified":"2019-09-10T13:57:07-04:00","inLanguage":"en-US","mainEntityOfPage":{"@id":"https:\/\/www.ja-lesieur.com\/en\/m-robert-jutras-1929-2019\/#webpage"},"isPartOf":{"@id":"https:\/\/www.ja-lesieur.com\/en\/m-robert-jutras-1929-2019\/#webpage"},"articleSection":"Obituary"},{"@type":"BreadcrumbList","@id":"https:\/\/www.ja-lesieur.com\/en\/m-robert-jutras-1929-2019\/#breadcrumblist","itemListElement":[{"@type":"ListItem","@id":"https:\/\/www.ja-lesieur.com\/en\/#listItem","position":1,"name":"Accueil","item":"https:\/\/www.ja-lesieur.com\/en\/","nextItem":{"@type":"ListItem","@id":"https:\/\/www.ja-lesieur.com\/en\/category\/obituary\/#listItem","name":"Obituary"}},{"@type":"ListItem","@id":"https:\/\/www.ja-lesieur.com\/en\/category\/obituary\/#listItem","position":2,"name":"Obituary","item":"https:\/\/www.ja-lesieur.com\/en\/category\/obituary\/","nextItem":{"@type":"ListItem","@id":"https:\/\/www.ja-lesieur.com\/en\/m-robert-jutras-1929-2019\/#listItem","name":"M. Robert Jutras 1929-2019"},"previousItem":{"@type":"ListItem","@id":"https:\/\/www.ja-lesieur.com\/en\/#listItem","name":"Accueil"}},{"@type":"ListItem","@id":"https:\/\/www.ja-lesieur.com\/en\/m-robert-jutras-1929-2019\/#listItem","position":3,"name":"M. Robert Jutras 1929-2019","previousItem":{"@type":"ListItem","@id":"https:\/\/www.ja-lesieur.com\/en\/category\/obituary\/#listItem","name":"Obituary"}}]},{"@type":"Organization","@id":"https:\/\/www.ja-lesieur.com\/en\/#organization","name":"Complexe fun\u00e9raire LeSieur","description":"ja-lesieur.com","url":"https:\/\/www.ja-lesieur.com\/en\/","telephone":"+18883678471"},{"@type":"Person","@id":"https:\/\/www.ja-lesieur.com\/en\/author\/jalesieur\/#author","url":"https:\/\/www.ja-lesieur.com\/en\/author\/jalesieur\/","name":"jalesieur","image":{"@type":"ImageObject","@id":"https:\/\/www.ja-lesieur.com\/en\/m-robert-jutras-1929-2019\/#authorImage","url":"\/\/www.gravatar.com\/avatar\/5afc64bab577539bd90d98b3264ef833?s=96&#038;r=g&#038;d=mm","width":96,"height":96,"caption":"jalesieur"}},{"@type":"WebPage","@id":"https:\/\/www.ja-lesieur.com\/en\/m-robert-jutras-1929-2019\/#webpage","url":"https:\/\/www.ja-lesieur.com\/en\/m-robert-jutras-1929-2019\/","name":"M. Robert Jutras 1929-2019 | Funeral Complex LeSieur comprehensive services","inLanguage":"en-US","isPartOf":{"@id":"https:\/\/www.ja-lesieur.com\/en\/#website"},"breadcrumb":{"@id":"https:\/\/www.ja-lesieur.com\/en\/m-robert-jutras-1929-2019\/#breadcrumblist"},"author":{"@id":"https:\/\/www.ja-lesieur.com\/en\/author\/jalesieur\/#author"},"creator":{"@id":"https:\/\/www.ja-lesieur.com\/en\/author\/jalesieur\/#author"},"image":{"@type":"ImageObject","url":"https:\/\/www.ja-lesieur.com\/wp-content\/uploads\/2019\/09\/Robert-Jutras-e1568123641543.jpg","@id":"https:\/\/www.ja-lesieur.com\/en\/m-robert-jutras-1929-2019\/#mainImage","width":150,"height":150},"primaryImageOfPage":{"@id":"https:\/\/www.ja-lesieur.com\/en\/m-robert-jutras-1929-2019\/#mainImage"},"datePublished":"2019-09-08T13:55:14-04:00","dateModified":"2019-09-10T13:57:07-04:00"},{"@type":"WebSite","@id":"https:\/\/www.ja-lesieur.com\/en\/#website","url":"https:\/\/www.ja-lesieur.com\/en\/","name":"Complexe fun\u00e9raire LeSieur des services complets","description":"ja-lesieur.com","inLanguage":"en-US","publisher":{"@id":"https:\/\/www.ja-lesieur.com\/en\/#organization"}}]},"og:locale":"en_US","og:site_name":"Funeral Complex LeSieur comprehensive services | ja-lesieur.com","og:type":"article","og:title":"M. Robert Jutras 1929-2019 | Funeral Complex LeSieur comprehensive services","og:url":"https:\/\/www.ja-lesieur.com\/en\/m-robert-jutras-1929-2019\/","article:published_time":"2019-09-08T13:55:14+00:00","article:modified_time":"2019-09-10T13:57:07+00:00"},"aioseo_meta_data":{"post_id":"7022","title":null,"description":null,"keywords":null,"keyphrases":null,"primary_term":null,"canonical_url":null,"og_title":null,"og_description":null,"og_object_type":"default","og_image_type":"default","og_image_url":null,"og_image_width":null,"og_image_height":null,"og_image_custom_url":null,"og_image_custom_fields":null,"og_video":null,"og_custom_url":null,"og_article_section":null,"og_article_tags":null,"twitter_use_og":false,"twitter_card":"default","twitter_image_type":"default","twitter_image_url":null,"twitter_image_custom_url":null,"twitter_image_custom_fields":null,"twitter_title":null,"twitter_description":null,"schema":{"blockGraphs":[],"customGraphs":[],"default":{"data":{"Article":[],"Course":[],"Dataset":[],"FAQPage":[],"Movie":[],"Person":[],"Product":[],"ProductReview":[],"Car":[],"Recipe":[],"Service":[],"SoftwareApplication":[],"WebPage":[]},"graphName":"","isEnabled":true},"graphs":[]},"schema_type":null,"schema_type_options":null,"pillar_content":false,"robots_default":true,"robots_noindex":false,"robots_noarchive":false,"robots_nosnippet":false,"robots_nofollow":false,"robots_noimageindex":false,"robots_noodp":false,"robots_notranslate":false,"robots_max_snippet":null,"robots_max_videopreview":null,"robots_max_imagepreview":"large","priority":null,"frequency":null,"local_seo":null,"breadcrumb_settings":null,"limit_modified_date":false,"ai":null,"created":"2021-10-06 00:22:22","updated":"2025-06-04 12:41:14","seo_analyzer_scan_date":null,"focus_keyword":null,"additional_keywords":null,"truseo_locale":null},"aioseo_breadcrumb":"<div class=\"aioseo-breadcrumbs\"><span class=\"aioseo-breadcrumb\">\n\t\t\t<a href=\"https:\/\/www.ja-lesieur.com\/en\/\" title=\"Accueil\">Accueil<\/a>\n\t\t<\/span><span class=\"aioseo-breadcrumb-separator\">&raquo;<\/span><span class=\"aioseo-breadcrumb\">\n\t\t\t<a href=\"https:\/\/www.ja-lesieur.com\/en\/category\/obituary\/\" title=\"Obituary\">Obituary<\/a>\n\t\t<\/span><span class=\"aioseo-breadcrumb-separator\">&raquo;<\/span><span class=\"aioseo-breadcrumb\">\n\t\t\tM. Robert Jutras 1929-2019\n\t\t<\/span><\/div>","aioseo_breadcrumb_json":[{"label":"Accueil","link":"https:\/\/www.ja-lesieur.com\/en\/"},{"label":"Obituary","link":"https:\/\/www.ja-lesieur.com\/en\/category\/obituary\/"},{"label":"M. Robert Jutras 1929-2019","link":"https:\/\/www.ja-lesieur.com\/en\/m-robert-jutras-1929-2019\/"}],"jetpack_sharing_enabled":true,"jetpack_featured_media_url":"https:\/\/www.ja-lesieur.com\/wp-content\/uploads\/2019\/09\/Robert-Jutras-e1568123641543.jpg","_links":{"self":[{"href":"https:\/\/www.ja-lesieur.com\/en\/wp-json\/wp\/v2\/posts\/7022","targetHints":{"allow":["GET"]}}],"collection":[{"href":"https:\/\/www.ja-lesieur.com\/en\/wp-json\/wp\/v2\/posts"}],"about":[{"href":"https:\/\/www.ja-lesieur.com\/en\/wp-json\/wp\/v2\/types\/post"}],"author":[{"embeddable":true,"href":"https:\/\/www.ja-lesieur.com\/en\/wp-json\/wp\/v2\/users\/1"}],"replies":[{"embeddable":true,"href":"https:\/\/www.ja-lesieur.com\/en\/wp-json\/wp\/v2\/comments?post=7022"}],"version-history":[{"count":1,"href":"https:\/\/www.ja-lesieur.com\/en\/wp-json\/wp\/v2\/posts\/7022\/revisions"}],"predecessor-version":[{"id":7023,"href":"https:\/\/www.ja-lesieur.com\/en\/wp-json\/wp\/v2\/posts\/7022\/revisions\/7023"}],"wp:featuredmedia":[{"embeddable":true,"href":"https:\/\/www.ja-lesieur.com\/en\/wp-json\/wp\/v2\/media\/7019"}],"wp:attachment":[{"href":"https:\/\/www.ja-lesieur.com\/en\/wp-json\/wp\/v2\/media?parent=7022"}],"wp:term":[{"taxonomy":"category","embeddable":true,"href":"https:\/\/www.ja-lesieur.com\/en\/wp-json\/wp\/v2\/categories?post=7022"},{"taxonomy":"post_tag","embeddable":true,"href":"https:\/\/www.ja-lesieur.com\/en\/wp-json\/wp\/v2\/tags?post=7022"}],"curies":[{"name":"wp","href":"https:\/\/api.w.org\/{rel}","templated":true}]}}