{"id":7479,"date":"2020-01-26T14:46:40","date_gmt":"2020-01-26T14:46:40","guid":{"rendered":"http:\/\/www.ja-lesieur.com\/?p=7479"},"modified":"2020-01-28T14:47:09","modified_gmt":"2020-01-28T14:47:09","slug":"m-jean-pierre-gemme-1946-2020","status":"publish","type":"post","link":"https:\/\/www.ja-lesieur.com\/en\/m-jean-pierre-gemme-1946-2020\/","title":{"rendered":"M. Jean-Pierre Gemme 1946-2020"},"content":{"rendered":"<p>Au Centre hospitalier Brome Missisquoi Perkins de Cowansville, le 26 janvier 2020, \u00e0 l&#8217;\u00e2ge de 73 ans, est d\u00e9c\u00e9d\u00e9 M. Jean-Pierre Gemme, \u00e9poux de Mme Francine D\u00e9p\u00f4t, demeurant \u00e0 Ange-Gardien.<\/p>\n<p>Outre son \u00e9pouse Francine, il laisse dans le deuil ses enfants: Chantal (Dany Richer), Manon (Luc Fontaine) et Andr\u00e9e; ses petits-enfants: St\u00e9phanie (Alexandre Tr\u00e9panier), Maxim, Marc-Olivier, Louis, Gabriel, Audr\u00e9e-Rose, \u00c9l\u00e9na et Kim; son arri\u00e8re-petit-fils L\u00e9o; ses fr\u00e8res et s\u0153urs ainsi que plusieurs beaux-fr\u00e8res, belles-s\u0153urs, neveux, ni\u00e8ces, autres parents et ami(e)s.<\/p>\n<p><strong>L&#8217;Aquamation a eu lieu au Bio-Cr\u00e9matorium Le Sieur de Granby.<\/strong><\/p>\n<p><strong>La famille vous accueillera le samedi 1<sup>er<\/sup> f\u00e9vrier 2020 \u00e0 compter de 13 heures <\/strong>\u00a0 <strong>au\u00a0: <\/strong><\/p>\n<p><strong>COMPLEXE FUN\u00c9RAIRE<\/strong><\/p>\n<p><strong>LESIEUR<\/strong><\/p>\n<p><strong>60 Boul. Pie IX, Granby, Qc<\/strong><\/p>\n<p><strong>t\u00e9l: 450-777-1414 t\u00e9lec: 450-777-0999<\/strong><\/p>\n<p><strong>www.lesieur.ca &#8211; info@lesieur.ca<\/strong><\/p>\n<p><strong>Membre de la CTQ<\/strong><\/p>\n<p>Un Hommage \u00e0 la vie sera c\u00e9l\u00e9br\u00e9 ce m\u00eame jour \u00e0 15 heures en la Chapelle Le Sieur.<\/p>\n<p>Des dons \u00e0 la Fondation du C.H. Brome Missisquoi Perkins seraient appr\u00e9ci\u00e9s. Formulaires disponibles au bureau du Complexe Le Sieur.<\/p>\n<p>La famille tient \u00e0 remercier tout particuli\u00e8rement le personnel du C.H. Brome Missisquoi Perkins pour les bons soins prodigu\u00e9s \u00e0 M. Gemme.<\/p>\n","protected":false},"excerpt":{"rendered":"<p>Au Centre hospitalier Brome Missisquoi Perkins de Cowansville, le 26 janvier 2020, \u00e0 l&#8217;\u00e2ge de 73 ans, est d\u00e9c\u00e9d\u00e9 M. Jean-Pierre Gemme, \u00e9poux de Mme Francine D\u00e9p\u00f4t, demeurant \u00e0 Ange-Gardien. Outre son \u00e9pouse Francine, il laisse dans le deuil ses enfants: Chantal (Dany Richer), Manon (Luc Fontaine) et Andr\u00e9e; ses petits-enfants: St\u00e9phanie (Alexandre Tr\u00e9panier), Maxim, [&hellip;]<\/p>\n","protected":false},"author":1,"featured_media":7477,"comment_status":"closed","ping_status":"closed","sticky":false,"template":"","format":"standard","meta":{"_crdt_document":"","_jetpack_memberships_contains_paid_content":false,"footnotes":""},"categories":[97],"tags":[],"class_list":["post-7479","post","type-post","status-publish","format-standard","has-post-thumbnail","hentry","category-obituary"],"aioseo_notices":[],"jetpack_featured_media_url":"https:\/\/www.ja-lesieur.com\/wp-content\/uploads\/2020\/01\/Jean-Pierre-Gemme-CARR\u00c9-e1580222768355.jpg","jetpack_sharing_enabled":true,"_links":{"self":[{"href":"https:\/\/www.ja-lesieur.com\/en\/wp-json\/wp\/v2\/posts\/7479","targetHints":{"allow":["GET"]}}],"collection":[{"href":"https:\/\/www.ja-lesieur.com\/en\/wp-json\/wp\/v2\/posts"}],"about":[{"href":"https:\/\/www.ja-lesieur.com\/en\/wp-json\/wp\/v2\/types\/post"}],"author":[{"embeddable":true,"href":"https:\/\/www.ja-lesieur.com\/en\/wp-json\/wp\/v2\/users\/1"}],"replies":[{"embeddable":true,"href":"https:\/\/www.ja-lesieur.com\/en\/wp-json\/wp\/v2\/comments?post=7479"}],"version-history":[{"count":1,"href":"https:\/\/www.ja-lesieur.com\/en\/wp-json\/wp\/v2\/posts\/7479\/revisions"}],"predecessor-version":[{"id":7480,"href":"https:\/\/www.ja-lesieur.com\/en\/wp-json\/wp\/v2\/posts\/7479\/revisions\/7480"}],"wp:featuredmedia":[{"embeddable":true,"href":"https:\/\/www.ja-lesieur.com\/en\/wp-json\/wp\/v2\/media\/7477"}],"wp:attachment":[{"href":"https:\/\/www.ja-lesieur.com\/en\/wp-json\/wp\/v2\/media?parent=7479"}],"wp:term":[{"taxonomy":"category","embeddable":true,"href":"https:\/\/www.ja-lesieur.com\/en\/wp-json\/wp\/v2\/categories?post=7479"},{"taxonomy":"post_tag","embeddable":true,"href":"https:\/\/www.ja-lesieur.com\/en\/wp-json\/wp\/v2\/tags?post=7479"}],"curies":[{"name":"wp","href":"https:\/\/api.w.org\/{rel}","templated":true}]}}