{"id":8524,"date":"2020-10-09T20:15:00","date_gmt":"2020-10-09T20:15:00","guid":{"rendered":"https:\/\/www.ja-lesieur.com\/m-roger-ouellet-1939-2020\/"},"modified":"2020-10-13T20:18:24","modified_gmt":"2020-10-13T20:18:24","slug":"m-roger-ouellet-1939-2020","status":"publish","type":"post","link":"https:\/\/www.ja-lesieur.com\/en\/m-roger-ouellet-1939-2020\/","title":{"rendered":"M. Roger Ouellet  1939-2020"},"content":{"rendered":"\n<p class=\"wp-block-paragraph\">\u00c0 Granby, le 9 octobre 2020, \u00e0 l&#8217;\u00e2ge de 81 ans, est d\u00e9c\u00e9d\u00e9 M. Roger Ouellet, ami de C\u0153ur de Mme Francine Patenaude, demeurant \u00e0 Granby.<\/p>\n\n\n\n<p class=\"wp-block-paragraph\">Outre son amoureuse, il laisse dans le deuil ses fr\u00e8res et soeurs, une amie proche Mme Claudine Mailloux ainsi que plusieurs amis(es)<\/p>\n\n\n\n<p class=\"wp-block-paragraph\"><strong>L&#8217;Aquamation a eu lieu au Bio-Cr\u00e9matorium Le Sieur de Granby.<\/strong><strong><\/strong><\/p>\n\n\n\n<p class=\"wp-block-paragraph\"><strong>COMPLEXE FUN\u00c9RAIRE<\/strong><strong><\/strong><\/p>\n\n\n\n<p class=\"wp-block-paragraph\"><strong>LESIEUR<\/strong><strong><\/strong><\/p>\n\n\n\n<p class=\"wp-block-paragraph\"><strong>60 Boul. Pie IX, Granby, Qc,<\/strong><strong><\/strong><\/p>\n\n\n\n<p class=\"wp-block-paragraph\"><strong>t\u00e9l: 450-777-1414 t\u00e9lec: 450-777-0999<\/strong><strong><\/strong><\/p>\n\n\n\n<p class=\"wp-block-paragraph\"><strong>www.lesieur.ca &#8211; info@lesieur.ca<\/strong><strong><\/strong><\/p>\n\n\n\n<p class=\"wp-block-paragraph\"><strong>Membre de la CTQ<\/strong><strong><\/strong><\/p>\n\n\n\n<p class=\"wp-block-paragraph\">Afin de respecter les derni\u00e8res volont\u00e9s de M. Roger Ouellet, il n&#8217;y aura pas d&#8217;exposition. L\u2019urne sera d\u00e9pos\u00e9e au Columbarium du Complexe fun\u00e9raire Le Sieur dans la plus stricte intimit\u00e9.<\/p>\n","protected":false},"excerpt":{"rendered":"<p>\u00c0 Granby, le 9 octobre 2020, \u00e0 l&#8217;\u00e2ge de 81 ans, est d\u00e9c\u00e9d\u00e9 M. Roger Ouellet, ami de C\u0153ur de Mme Francine Patenaude, demeurant \u00e0 Granby. Outre son amoureuse, il laisse dans le deuil ses fr\u00e8res et soeurs, une amie proche Mme Claudine Mailloux ainsi que plusieurs amis(es) L&#8217;Aquamation a eu lieu au Bio-Cr\u00e9matorium Le [&hellip;]<\/p>\n","protected":false},"author":1,"featured_media":8521,"comment_status":"closed","ping_status":"closed","sticky":false,"template":"","format":"standard","meta":{"_jetpack_newsletter_access":"","_jetpack_dont_email_post_to_subs":false,"_jetpack_newsletter_tier_id":0,"_jetpack_memberships_contains_paywalled_content":false,"_jetpack_memberships_contains_paid_content":false,"footnotes":""},"categories":[97],"tags":[],"class_list":["post-8524","post","type-post","status-publish","format-standard","has-post-thumbnail","hentry","category-obituary"],"aioseo_notices":[],"aioseo_head":"\n\t\t<!-- All in One SEO 5.0.1.1 - aioseo.com -->\n\t<meta name=\"robots\" content=\"max-image-preview:large\" \/>\n\t<meta name=\"author\" content=\"jalesieur\"\/>\n\t<link rel=\"canonical\" href=\"https:\/\/www.ja-lesieur.com\/en\/m-roger-ouellet-1939-2020\/\" \/>\n\t<meta name=\"generator\" content=\"All in One SEO (AIOSEO) 5.0.1.1\" \/>\n\t\t<meta property=\"og:locale\" content=\"en_US\" \/>\n\t\t<meta property=\"og:site_name\" content=\"Funeral Complex LeSieur comprehensive services | ja-lesieur.com\" \/>\n\t\t<meta property=\"og:type\" content=\"article\" \/>\n\t\t<meta property=\"og:title\" content=\"M. Roger Ouellet 1939-2020 | Funeral Complex LeSieur comprehensive services\" \/>\n\t\t<meta property=\"og:url\" content=\"https:\/\/www.ja-lesieur.com\/en\/m-roger-ouellet-1939-2020\/\" \/>\n\t\t<meta property=\"article:published_time\" content=\"2020-10-09T20:15:00+00:00\" \/>\n\t\t<meta property=\"article:modified_time\" content=\"2020-10-13T20:18:24+00:00\" \/>\n\t\t<script type=\"application\/ld+json\" class=\"aioseo-schema\">\n\t\t\t{\"@context\":\"https:\\\/\\\/schema.org\",\"@graph\":[{\"@type\":\"Article\",\"@id\":\"https:\\\/\\\/www.ja-lesieur.com\\\/en\\\/m-roger-ouellet-1939-2020\\\/#article\",\"name\":\"M. Roger Ouellet 1939-2020 | Funeral Complex LeSieur comprehensive services\",\"headline\":\"M. Roger Ouellet  1939-2020\",\"author\":{\"@id\":\"https:\\\/\\\/www.ja-lesieur.com\\\/en\\\/author\\\/jalesieur\\\/#author\"},\"publisher\":{\"@id\":\"https:\\\/\\\/www.ja-lesieur.com\\\/en\\\/#organization\"},\"image\":{\"@type\":\"ImageObject\",\"url\":\"https:\\\/\\\/www.ja-lesieur.com\\\/wp-content\\\/uploads\\\/2020\\\/10\\\/Roger-Ouellet-e1602620196738.jpg\",\"width\":150,\"height\":150},\"datePublished\":\"2020-10-09T20:15:00-04:00\",\"dateModified\":\"2020-10-13T20:18:24-04:00\",\"inLanguage\":\"en-US\",\"mainEntityOfPage\":{\"@id\":\"https:\\\/\\\/www.ja-lesieur.com\\\/en\\\/m-roger-ouellet-1939-2020\\\/#webpage\"},\"isPartOf\":{\"@id\":\"https:\\\/\\\/www.ja-lesieur.com\\\/en\\\/m-roger-ouellet-1939-2020\\\/#webpage\"},\"articleSection\":\"Obituary\"},{\"@type\":\"BreadcrumbList\",\"@id\":\"https:\\\/\\\/www.ja-lesieur.com\\\/en\\\/m-roger-ouellet-1939-2020\\\/#breadcrumblist\",\"itemListElement\":[{\"@type\":\"ListItem\",\"@id\":\"https:\\\/\\\/www.ja-lesieur.com\\\/en\\\/#listItem\",\"position\":1,\"name\":\"Accueil\",\"item\":\"https:\\\/\\\/www.ja-lesieur.com\\\/en\\\/\",\"nextItem\":{\"@type\":\"ListItem\",\"@id\":\"https:\\\/\\\/www.ja-lesieur.com\\\/en\\\/category\\\/obituary\\\/#listItem\",\"name\":\"Obituary\"}},{\"@type\":\"ListItem\",\"@id\":\"https:\\\/\\\/www.ja-lesieur.com\\\/en\\\/category\\\/obituary\\\/#listItem\",\"position\":2,\"name\":\"Obituary\",\"item\":\"https:\\\/\\\/www.ja-lesieur.com\\\/en\\\/category\\\/obituary\\\/\",\"nextItem\":{\"@type\":\"ListItem\",\"@id\":\"https:\\\/\\\/www.ja-lesieur.com\\\/en\\\/m-roger-ouellet-1939-2020\\\/#listItem\",\"name\":\"M. Roger Ouellet  1939-2020\"},\"previousItem\":{\"@type\":\"ListItem\",\"@id\":\"https:\\\/\\\/www.ja-lesieur.com\\\/en\\\/#listItem\",\"name\":\"Accueil\"}},{\"@type\":\"ListItem\",\"@id\":\"https:\\\/\\\/www.ja-lesieur.com\\\/en\\\/m-roger-ouellet-1939-2020\\\/#listItem\",\"position\":3,\"name\":\"M. Roger Ouellet  1939-2020\",\"previousItem\":{\"@type\":\"ListItem\",\"@id\":\"https:\\\/\\\/www.ja-lesieur.com\\\/en\\\/category\\\/obituary\\\/#listItem\",\"name\":\"Obituary\"}}]},{\"@type\":\"Organization\",\"@id\":\"https:\\\/\\\/www.ja-lesieur.com\\\/en\\\/#organization\",\"name\":\"Complexe fun\\u00e9raire LeSieur\",\"description\":\"ja-lesieur.com\",\"url\":\"https:\\\/\\\/www.ja-lesieur.com\\\/en\\\/\",\"telephone\":\"+18883678471\"},{\"@type\":\"Person\",\"@id\":\"https:\\\/\\\/www.ja-lesieur.com\\\/en\\\/author\\\/jalesieur\\\/#author\",\"url\":\"https:\\\/\\\/www.ja-lesieur.com\\\/en\\\/author\\\/jalesieur\\\/\",\"name\":\"jalesieur\",\"image\":{\"@type\":\"ImageObject\",\"@id\":\"https:\\\/\\\/www.ja-lesieur.com\\\/en\\\/m-roger-ouellet-1939-2020\\\/#authorImage\",\"url\":\"\\\/\\\/www.gravatar.com\\\/avatar\\\/5afc64bab577539bd90d98b3264ef833?s=96&#038;r=g&#038;d=mm\",\"width\":96,\"height\":96,\"caption\":\"jalesieur\"}},{\"@type\":\"WebPage\",\"@id\":\"https:\\\/\\\/www.ja-lesieur.com\\\/en\\\/m-roger-ouellet-1939-2020\\\/#webpage\",\"url\":\"https:\\\/\\\/www.ja-lesieur.com\\\/en\\\/m-roger-ouellet-1939-2020\\\/\",\"name\":\"M. Roger Ouellet 1939-2020 | Funeral Complex LeSieur comprehensive services\",\"inLanguage\":\"en-US\",\"isPartOf\":{\"@id\":\"https:\\\/\\\/www.ja-lesieur.com\\\/en\\\/#website\"},\"breadcrumb\":{\"@id\":\"https:\\\/\\\/www.ja-lesieur.com\\\/en\\\/m-roger-ouellet-1939-2020\\\/#breadcrumblist\"},\"author\":{\"@id\":\"https:\\\/\\\/www.ja-lesieur.com\\\/en\\\/author\\\/jalesieur\\\/#author\"},\"creator\":{\"@id\":\"https:\\\/\\\/www.ja-lesieur.com\\\/en\\\/author\\\/jalesieur\\\/#author\"},\"image\":{\"@type\":\"ImageObject\",\"url\":\"https:\\\/\\\/www.ja-lesieur.com\\\/wp-content\\\/uploads\\\/2020\\\/10\\\/Roger-Ouellet-e1602620196738.jpg\",\"@id\":\"https:\\\/\\\/www.ja-lesieur.com\\\/en\\\/m-roger-ouellet-1939-2020\\\/#mainImage\",\"width\":150,\"height\":150},\"primaryImageOfPage\":{\"@id\":\"https:\\\/\\\/www.ja-lesieur.com\\\/en\\\/m-roger-ouellet-1939-2020\\\/#mainImage\"},\"datePublished\":\"2020-10-09T20:15:00-04:00\",\"dateModified\":\"2020-10-13T20:18:24-04:00\"},{\"@type\":\"WebSite\",\"@id\":\"https:\\\/\\\/www.ja-lesieur.com\\\/en\\\/#website\",\"url\":\"https:\\\/\\\/www.ja-lesieur.com\\\/en\\\/\",\"name\":\"Complexe fun\\u00e9raire LeSieur des services complets\",\"description\":\"ja-lesieur.com\",\"inLanguage\":\"en-US\",\"publisher\":{\"@id\":\"https:\\\/\\\/www.ja-lesieur.com\\\/en\\\/#organization\"}}]}\n\t\t<\/script>\n\t\t<!-- All in One SEO -->\n\n","aioseo_head_json":{"title":"M. Roger Ouellet 1939-2020 | Funeral Complex LeSieur comprehensive services","description":"","canonical_url":"https:\/\/www.ja-lesieur.com\/en\/m-roger-ouellet-1939-2020\/","robots":"max-image-preview:large","keywords":"","webmasterTools":{"miscellaneous":""},"schema":{"@context":"https:\/\/schema.org","@graph":[{"@type":"Article","@id":"https:\/\/www.ja-lesieur.com\/en\/m-roger-ouellet-1939-2020\/#article","name":"M. Roger Ouellet 1939-2020 | Funeral Complex LeSieur comprehensive services","headline":"M. Roger Ouellet  1939-2020","author":{"@id":"https:\/\/www.ja-lesieur.com\/en\/author\/jalesieur\/#author"},"publisher":{"@id":"https:\/\/www.ja-lesieur.com\/en\/#organization"},"image":{"@type":"ImageObject","url":"https:\/\/www.ja-lesieur.com\/wp-content\/uploads\/2020\/10\/Roger-Ouellet-e1602620196738.jpg","width":150,"height":150},"datePublished":"2020-10-09T20:15:00-04:00","dateModified":"2020-10-13T20:18:24-04:00","inLanguage":"en-US","mainEntityOfPage":{"@id":"https:\/\/www.ja-lesieur.com\/en\/m-roger-ouellet-1939-2020\/#webpage"},"isPartOf":{"@id":"https:\/\/www.ja-lesieur.com\/en\/m-roger-ouellet-1939-2020\/#webpage"},"articleSection":"Obituary"},{"@type":"BreadcrumbList","@id":"https:\/\/www.ja-lesieur.com\/en\/m-roger-ouellet-1939-2020\/#breadcrumblist","itemListElement":[{"@type":"ListItem","@id":"https:\/\/www.ja-lesieur.com\/en\/#listItem","position":1,"name":"Accueil","item":"https:\/\/www.ja-lesieur.com\/en\/","nextItem":{"@type":"ListItem","@id":"https:\/\/www.ja-lesieur.com\/en\/category\/obituary\/#listItem","name":"Obituary"}},{"@type":"ListItem","@id":"https:\/\/www.ja-lesieur.com\/en\/category\/obituary\/#listItem","position":2,"name":"Obituary","item":"https:\/\/www.ja-lesieur.com\/en\/category\/obituary\/","nextItem":{"@type":"ListItem","@id":"https:\/\/www.ja-lesieur.com\/en\/m-roger-ouellet-1939-2020\/#listItem","name":"M. Roger Ouellet  1939-2020"},"previousItem":{"@type":"ListItem","@id":"https:\/\/www.ja-lesieur.com\/en\/#listItem","name":"Accueil"}},{"@type":"ListItem","@id":"https:\/\/www.ja-lesieur.com\/en\/m-roger-ouellet-1939-2020\/#listItem","position":3,"name":"M. Roger Ouellet  1939-2020","previousItem":{"@type":"ListItem","@id":"https:\/\/www.ja-lesieur.com\/en\/category\/obituary\/#listItem","name":"Obituary"}}]},{"@type":"Organization","@id":"https:\/\/www.ja-lesieur.com\/en\/#organization","name":"Complexe fun\u00e9raire LeSieur","description":"ja-lesieur.com","url":"https:\/\/www.ja-lesieur.com\/en\/","telephone":"+18883678471"},{"@type":"Person","@id":"https:\/\/www.ja-lesieur.com\/en\/author\/jalesieur\/#author","url":"https:\/\/www.ja-lesieur.com\/en\/author\/jalesieur\/","name":"jalesieur","image":{"@type":"ImageObject","@id":"https:\/\/www.ja-lesieur.com\/en\/m-roger-ouellet-1939-2020\/#authorImage","url":"\/\/www.gravatar.com\/avatar\/5afc64bab577539bd90d98b3264ef833?s=96&#038;r=g&#038;d=mm","width":96,"height":96,"caption":"jalesieur"}},{"@type":"WebPage","@id":"https:\/\/www.ja-lesieur.com\/en\/m-roger-ouellet-1939-2020\/#webpage","url":"https:\/\/www.ja-lesieur.com\/en\/m-roger-ouellet-1939-2020\/","name":"M. Roger Ouellet 1939-2020 | Funeral Complex LeSieur comprehensive services","inLanguage":"en-US","isPartOf":{"@id":"https:\/\/www.ja-lesieur.com\/en\/#website"},"breadcrumb":{"@id":"https:\/\/www.ja-lesieur.com\/en\/m-roger-ouellet-1939-2020\/#breadcrumblist"},"author":{"@id":"https:\/\/www.ja-lesieur.com\/en\/author\/jalesieur\/#author"},"creator":{"@id":"https:\/\/www.ja-lesieur.com\/en\/author\/jalesieur\/#author"},"image":{"@type":"ImageObject","url":"https:\/\/www.ja-lesieur.com\/wp-content\/uploads\/2020\/10\/Roger-Ouellet-e1602620196738.jpg","@id":"https:\/\/www.ja-lesieur.com\/en\/m-roger-ouellet-1939-2020\/#mainImage","width":150,"height":150},"primaryImageOfPage":{"@id":"https:\/\/www.ja-lesieur.com\/en\/m-roger-ouellet-1939-2020\/#mainImage"},"datePublished":"2020-10-09T20:15:00-04:00","dateModified":"2020-10-13T20:18:24-04:00"},{"@type":"WebSite","@id":"https:\/\/www.ja-lesieur.com\/en\/#website","url":"https:\/\/www.ja-lesieur.com\/en\/","name":"Complexe fun\u00e9raire LeSieur des services complets","description":"ja-lesieur.com","inLanguage":"en-US","publisher":{"@id":"https:\/\/www.ja-lesieur.com\/en\/#organization"}}]},"og:locale":"en_US","og:site_name":"Funeral Complex LeSieur comprehensive services | ja-lesieur.com","og:type":"article","og:title":"M. Roger Ouellet 1939-2020 | Funeral Complex LeSieur comprehensive services","og:url":"https:\/\/www.ja-lesieur.com\/en\/m-roger-ouellet-1939-2020\/","article:published_time":"2020-10-09T20:15:00+00:00","article:modified_time":"2020-10-13T20:18:24+00:00"},"aioseo_meta_data":{"post_id":"8524","title":null,"description":null,"keywords":null,"keyphrases":null,"primary_term":null,"canonical_url":null,"og_title":null,"og_description":null,"og_object_type":"default","og_image_type":"default","og_image_url":null,"og_image_width":null,"og_image_height":null,"og_image_custom_url":null,"og_image_custom_fields":null,"og_video":null,"og_custom_url":null,"og_article_section":null,"og_article_tags":null,"twitter_use_og":false,"twitter_card":"default","twitter_image_type":"default","twitter_image_url":null,"twitter_image_custom_url":null,"twitter_image_custom_fields":null,"twitter_title":null,"twitter_description":null,"schema":{"blockGraphs":[],"customGraphs":[],"default":{"data":{"Article":[],"Course":[],"Dataset":[],"FAQPage":[],"Movie":[],"Person":[],"Product":[],"ProductReview":[],"Car":[],"Recipe":[],"Service":[],"SoftwareApplication":[],"WebPage":[]},"graphName":"","isEnabled":true},"graphs":[]},"schema_type":null,"schema_type_options":null,"pillar_content":false,"robots_default":true,"robots_noindex":false,"robots_noarchive":false,"robots_nosnippet":false,"robots_nofollow":false,"robots_noimageindex":false,"robots_noodp":false,"robots_notranslate":false,"robots_max_snippet":null,"robots_max_videopreview":null,"robots_max_imagepreview":"large","priority":null,"frequency":null,"local_seo":null,"breadcrumb_settings":null,"limit_modified_date":false,"ai":null,"created":"2021-10-05 20:32:54","updated":"2025-06-04 13:16:40","seo_analyzer_scan_date":null,"focus_keyword":null,"additional_keywords":null,"truseo_locale":null},"aioseo_breadcrumb":"<div class=\"aioseo-breadcrumbs\"><span class=\"aioseo-breadcrumb\">\n\t\t\t<a href=\"https:\/\/www.ja-lesieur.com\/en\/\" title=\"Accueil\">Accueil<\/a>\n\t\t<\/span><span class=\"aioseo-breadcrumb-separator\">&raquo;<\/span><span class=\"aioseo-breadcrumb\">\n\t\t\t<a href=\"https:\/\/www.ja-lesieur.com\/en\/category\/obituary\/\" title=\"Obituary\">Obituary<\/a>\n\t\t<\/span><span class=\"aioseo-breadcrumb-separator\">&raquo;<\/span><span class=\"aioseo-breadcrumb\">\n\t\t\tM. Roger Ouellet  1939-2020\n\t\t<\/span><\/div>","aioseo_breadcrumb_json":[{"label":"Accueil","link":"https:\/\/www.ja-lesieur.com\/en\/"},{"label":"Obituary","link":"https:\/\/www.ja-lesieur.com\/en\/category\/obituary\/"},{"label":"M. Roger Ouellet  1939-2020","link":"https:\/\/www.ja-lesieur.com\/en\/m-roger-ouellet-1939-2020\/"}],"jetpack_sharing_enabled":true,"jetpack_featured_media_url":"https:\/\/www.ja-lesieur.com\/wp-content\/uploads\/2020\/10\/Roger-Ouellet-e1602620196738.jpg","_links":{"self":[{"href":"https:\/\/www.ja-lesieur.com\/en\/wp-json\/wp\/v2\/posts\/8524","targetHints":{"allow":["GET"]}}],"collection":[{"href":"https:\/\/www.ja-lesieur.com\/en\/wp-json\/wp\/v2\/posts"}],"about":[{"href":"https:\/\/www.ja-lesieur.com\/en\/wp-json\/wp\/v2\/types\/post"}],"author":[{"embeddable":true,"href":"https:\/\/www.ja-lesieur.com\/en\/wp-json\/wp\/v2\/users\/1"}],"replies":[{"embeddable":true,"href":"https:\/\/www.ja-lesieur.com\/en\/wp-json\/wp\/v2\/comments?post=8524"}],"version-history":[{"count":1,"href":"https:\/\/www.ja-lesieur.com\/en\/wp-json\/wp\/v2\/posts\/8524\/revisions"}],"predecessor-version":[{"id":8525,"href":"https:\/\/www.ja-lesieur.com\/en\/wp-json\/wp\/v2\/posts\/8524\/revisions\/8525"}],"wp:featuredmedia":[{"embeddable":true,"href":"https:\/\/www.ja-lesieur.com\/en\/wp-json\/wp\/v2\/media\/8521"}],"wp:attachment":[{"href":"https:\/\/www.ja-lesieur.com\/en\/wp-json\/wp\/v2\/media?parent=8524"}],"wp:term":[{"taxonomy":"category","embeddable":true,"href":"https:\/\/www.ja-lesieur.com\/en\/wp-json\/wp\/v2\/categories?post=8524"},{"taxonomy":"post_tag","embeddable":true,"href":"https:\/\/www.ja-lesieur.com\/en\/wp-json\/wp\/v2\/tags?post=8524"}],"curies":[{"name":"wp","href":"https:\/\/api.w.org\/{rel}","templated":true}]}}