{"id":8932,"date":"2021-01-04T17:14:00","date_gmt":"2021-01-04T17:14:00","guid":{"rendered":"https:\/\/www.ja-lesieur.com\/mme-simone-turcotte-audet-1922-2021\/"},"modified":"2021-01-11T16:52:33","modified_gmt":"2021-01-11T16:52:33","slug":"mme-simone-turcotte-audet-1922-2021","status":"publish","type":"post","link":"https:\/\/www.ja-lesieur.com\/en\/mme-simone-turcotte-audet-1922-2021\/","title":{"rendered":"Mme Simone Turcotte-Audet 1922-2021"},"content":{"rendered":"\n<p class=\"wp-block-paragraph\"><strong>Au C.H. de Granby, le 4 janvier 2021, \u00e0 l&#8217;\u00e2ge v\u00e9n\u00e9rable de 98 ans 4 mois 5 jours, est d\u00e9c\u00e9d\u00e9e tout en douceur, Mme Simone Turcotte-Audet \u00e9pouse de feu Louis-Philippe Audet, m\u00e8re et femme rassembleuse, respect\u00e9e et admir\u00e9e par toute sa descendance, ses 7 enfants, 20 petits-enfants, 34 arr. petits-enfants, 2 arr. arr. petits-enfants, tous les conjoint(e)s et ami(e)s de c\u0153ur la r\u00e9jouissaient.<\/strong><\/p>\n\n\n\n<p class=\"wp-block-paragraph\"><strong>1er Paul-Yvon (Pierrette Giroux), &lt; Sylvain, Elyse, Dominic, &lt; ses arr. Olivier, Anne Marie, Anthony, Cam\u00e9lia, Lancelot, Solam, Presley.<\/strong><\/p>\n\n\n\n<p class=\"wp-block-paragraph\"><strong>2e Jean-Guy (feu Pierrette Gagn\u00e9) (Nicole Clermont) &lt; Michel, Richard, Nathalie, Feu Pascal, &lt; ses arr. Danny, Tania, Am\u00e9lie &lt; et arr. arr. Eva.<\/strong><\/p>\n\n\n\n<p class=\"wp-block-paragraph\"><strong>3e Denise (feu Gilles Fontaine) &lt; Daniel, Gyslain, Nancy, Nellie, &lt; ses arr. Benjamin, Maya, Timoth\u00e9, Violette, Daphn\u00e9e, Drayk, Alyanna, Lilya, Emma, Chad, Malika, Aleck &lt; et arr. arr. Lisanna.<\/strong><\/p>\n\n\n\n<p class=\"wp-block-paragraph\"><strong>4e Carole (Claude Desmarchais) &lt; Jos\u00e9e, Juan-Claude, &lt; son arr. Alyson.<\/strong><\/p>\n\n\n\n<p class=\"wp-block-paragraph\"><strong>5e Gis\u00e8le (Michel Brisebois) &lt; Jessyca, Geoffrey Laporte, &lt; son arr. F\u00e9elyssia-\u00c9lo\u00efse.<\/strong><\/p>\n\n\n\n<p class=\"wp-block-paragraph\"><strong>6e Lucille (Yvan Roy) &lt; Sophie, Marie-Eve, M\u00e9lissa Roy, &lt; ses arr. Thomas, L\u00e9o, Maxence, Maximilien, Maddyson, Abiga\u00eble.<\/strong><\/p>\n\n\n\n<p class=\"wp-block-paragraph\"><strong>7e Mireille (feu Jean M\u00e9nard) (Daniel Moreau) &lt; Jimmy M\u00e9nard &lt; ses arr. J\u00e9r\u00e9my, Jade.<\/strong><\/p>\n\n\n\n<p class=\"wp-block-paragraph\"><strong>7e d\u2019une famille de 12 enfants (n\u00e9s <strong>\u00e0<\/strong> 6 Milles de M\u00e9gantic), lui survit seulement sa s\u0153ur Arth\u00e9mise Turcotte-Carri\u00e8re,<\/strong> <strong>et aucun de ses beaux-fr\u00e8res et belles-soeurs des deux c\u00f4t\u00e9s, Turcotte et Audet; mais laisse<\/strong> <strong>dans le deuil plusieurs neveux ni\u00e8ces, cousins cousines et ami(e)s.<\/strong> <\/p>\n\n\n\n<p class=\"wp-block-paragraph\"><strong>En plus des activit\u00e9s de la R\u00e9s. Saint-Charles, elle allait danser chaque mois \u00e0 la R\u00e9s. Soleil, jusqu&#8217;\u00e0 la pause de 2020.<\/strong><\/p>\n\n\n\n<p class=\"wp-block-paragraph\"><strong>Un merci bien sp\u00e9cial \u00e0 Mme Sylvie Riopel pour son d\u00e9vouement envers notre douce m\u00e8re.<\/strong><\/p>\n\n\n\n<p class=\"wp-block-paragraph\"><strong>La cr\u00e9mation a eu lieu sous la direction du Complexe fun\u00e9raire Le Sieur de Granby.<\/strong><\/p>\n\n\n\n<p class=\"wp-block-paragraph\"><strong>Pour donner suite aux r\u00e8gles du Gouvernement les fun\u00e9railles auront lieu \u00e0 une date ult\u00e9rieure, nous publierons la date d\u00e8s que \u00e7a sera possible. <\/strong><strong><\/strong><\/p>\n\n\n\n<p class=\"wp-block-paragraph\"><strong>COMPLEXE FUN\u00c9RAIRE<\/strong><strong><\/strong><\/p>\n\n\n\n<p class=\"wp-block-paragraph\"><strong>LESIEUR<\/strong><strong><\/strong><\/p>\n\n\n\n<p class=\"wp-block-paragraph\"><strong>60 Boul. Pie IX, Granby, Qc.<\/strong><strong><\/strong><\/p>\n\n\n\n<p class=\"wp-block-paragraph\"><strong>t\u00e9l: 450-777-1414 t\u00e9lec: 450-777-0999<\/strong><strong><\/strong><\/p>\n\n\n\n<p class=\"wp-block-paragraph\"><strong>www.lesieur.ca &#8211; info@lesieur.ca<\/strong><strong><\/strong><\/p>\n\n\n\n<p class=\"wp-block-paragraph\"><strong>Membre de la CTQ<\/strong><strong><\/strong><\/p>\n","protected":false},"excerpt":{"rendered":"<p>Au C.H. de Granby, le 4 janvier 2021, \u00e0 l&#8217;\u00e2ge v\u00e9n\u00e9rable de 98 ans 4 mois 5 jours, est d\u00e9c\u00e9d\u00e9e tout en douceur, Mme Simone Turcotte-Audet \u00e9pouse de feu Louis-Philippe Audet, m\u00e8re et femme rassembleuse, respect\u00e9e et admir\u00e9e par toute sa descendance, ses 7 enfants, 20 petits-enfants, 34 arr. petits-enfants, 2 arr. arr. petits-enfants, tous [&hellip;]<\/p>\n","protected":false},"author":1,"featured_media":9138,"comment_status":"closed","ping_status":"closed","sticky":false,"template":"","format":"standard","meta":{"_crdt_document":"","_jetpack_memberships_contains_paid_content":false,"footnotes":""},"categories":[97],"tags":[],"class_list":["post-8932","post","type-post","status-publish","format-standard","has-post-thumbnail","hentry","category-obituary"],"aioseo_notices":[],"jetpack_featured_media_url":"https:\/\/www.ja-lesieur.com\/wp-content\/uploads\/2021\/01\/Simone-Turcotte-carr\u00e9-e1612217508419.jpg","jetpack_sharing_enabled":true,"_links":{"self":[{"href":"https:\/\/www.ja-lesieur.com\/en\/wp-json\/wp\/v2\/posts\/8932","targetHints":{"allow":["GET"]}}],"collection":[{"href":"https:\/\/www.ja-lesieur.com\/en\/wp-json\/wp\/v2\/posts"}],"about":[{"href":"https:\/\/www.ja-lesieur.com\/en\/wp-json\/wp\/v2\/types\/post"}],"author":[{"embeddable":true,"href":"https:\/\/www.ja-lesieur.com\/en\/wp-json\/wp\/v2\/users\/1"}],"replies":[{"embeddable":true,"href":"https:\/\/www.ja-lesieur.com\/en\/wp-json\/wp\/v2\/comments?post=8932"}],"version-history":[{"count":4,"href":"https:\/\/www.ja-lesieur.com\/en\/wp-json\/wp\/v2\/posts\/8932\/revisions"}],"predecessor-version":[{"id":8966,"href":"https:\/\/www.ja-lesieur.com\/en\/wp-json\/wp\/v2\/posts\/8932\/revisions\/8966"}],"wp:featuredmedia":[{"embeddable":true,"href":"https:\/\/www.ja-lesieur.com\/en\/wp-json\/wp\/v2\/media\/9138"}],"wp:attachment":[{"href":"https:\/\/www.ja-lesieur.com\/en\/wp-json\/wp\/v2\/media?parent=8932"}],"wp:term":[{"taxonomy":"category","embeddable":true,"href":"https:\/\/www.ja-lesieur.com\/en\/wp-json\/wp\/v2\/categories?post=8932"},{"taxonomy":"post_tag","embeddable":true,"href":"https:\/\/www.ja-lesieur.com\/en\/wp-json\/wp\/v2\/tags?post=8932"}],"curies":[{"name":"wp","href":"https:\/\/api.w.org\/{rel}","templated":true}]}}