{"id":9055,"date":"2021-01-22T22:48:11","date_gmt":"2021-01-22T22:48:11","guid":{"rendered":"https:\/\/www.ja-lesieur.com\/m-pierre-guillard-1957-2021\/"},"modified":"2024-03-13T16:39:48","modified_gmt":"2024-03-13T20:39:48","slug":"m-pierre-guillard-1957-2021","status":"publish","type":"post","link":"https:\/\/www.ja-lesieur.com\/en\/m-pierre-guillard-1957-2021\/","title":{"rendered":"M. Pierre Guillard 1957-2021"},"content":{"rendered":"\r\n<p class=\"wp-block-paragraph\">C\u2019est avec une grande tristesse que nous annon\u00e7ons le d\u00e9c\u00e8s de notre fr\u00e8re bien aim\u00e9 Pierre Guillard, \u00e0 Montr\u00e9al, le 20 janvier 2021, \u00e0 l\u2019\u00e2ge de 63 ans.<\/p>\r\n\r\n\r\n\r\n<p class=\"wp-block-paragraph\">Il laisse dans le deuil ses fr\u00e8res et s\u0153urs Lise, Louise, Andr\u00e9, Huguette, Ginette, Carole, Laurianne, Ren\u00e9, Sylvie et leurs conjoints respectifs,\u00a0ainsi que ses neveux et ni\u00e8ces, St\u00e9phane, Luc, Annie Claude, Martine, Mathieu, Martin, Jean-S\u00e9bastien, Roxanne, Samuel, Audrey ainsi que plusieurs autres parents et ami(e)s.<\/p>\r\n\r\n\r\n\r\n<p class=\"wp-block-paragraph\">Nous tenons \u00e0 remercier tous les amis et coll\u00e8gues de travail de Pierre pour leurs t\u00e9moignages. Pierre au grand c\u0153ur\u00a0vous salue et poursuit sa route vers d&#8217;autres cieux.<\/p>\r\n\r\n\r\n\r\n<p class=\"wp-block-paragraph\"><strong>L&#8217;Aquamation a eu lieu au Bio-Cr\u00e9matorium Le Sieur de Granby.<\/strong><\/p>\r\n\r\n\r\n\r\n<p class=\"wp-block-paragraph\"><strong>COMPLEXE FUN\u00c9RAIRE<\/strong><\/p>\r\n\r\n\r\n\r\n<p class=\"wp-block-paragraph\"><strong>LESIEUR<\/strong><\/p>\r\n\r\n\r\n\r\n<p class=\"wp-block-paragraph\"><strong>60 Boul. Pie IX, Granby, Qc,<\/strong><\/p>\r\n\r\n\r\n\r\n<p class=\"wp-block-paragraph\"><strong>t\u00e9l: 450-777-1414 t\u00e9lec: 450-777-0999<\/strong><\/p>\r\n\r\n\r\n\r\n<p class=\"wp-block-paragraph\"><strong>www.lesieur.ca &#8211; info@lesieur.ca<\/strong><\/p>\r\n\r\n\r\n\r\n<p class=\"wp-block-paragraph\"><strong>Membre de la CTQ<\/strong><\/p>\r\n\r\n\r\n\r\n<p class=\"wp-block-paragraph\">Compte tenu des circonstances, la famille tiendra un hommage ult\u00e9rieurement.<\/p>\r\n\r\n\r\n\r\n<p class=\"wp-block-paragraph\">La famille tient \u00e0 remercier le personnel de l\u2019H\u00f4pital G\u00e9n\u00e9ral Juif de Montr\u00e9al pour leur empathie et les bons soins prodigu\u00e9s. Les t\u00e9moignages de sympathie peuvent s\u2019exprimer par un don \u00e0 l&#8217;H\u00f4pital g\u00e9n\u00e9ral juif de Montr\u00e9al. <a title=\"https:\/\/jghfoundation.crowdchange.net\/fr-ca\/donate\" href=\"https:\/\/jghfoundation.crowdchange.net\/fr-ca\/donate\">https:\/\/jghfoundation.crowdchange.net\/fr-ca\/donate<\/a><\/p>\r\n","protected":false},"excerpt":{"rendered":"<p>C\u2019est avec une grande tristesse que nous annon\u00e7ons le d\u00e9c\u00e8s de notre fr\u00e8re bien aim\u00e9 Pierre Guillard, \u00e0 Montr\u00e9al, le 20 janvier 2021, \u00e0 l\u2019\u00e2ge de 63 ans. Il laisse dans le deuil ses fr\u00e8res et s\u0153urs Lise, Louise, Andr\u00e9, Huguette, Ginette, Carole, Laurianne, Ren\u00e9, Sylvie et leurs conjoints respectifs,\u00a0ainsi que ses neveux et ni\u00e8ces, [&hellip;]<\/p>\n","protected":false},"author":1,"featured_media":9053,"comment_status":"closed","ping_status":"closed","sticky":false,"template":"","format":"standard","meta":{"_jetpack_newsletter_access":"","_jetpack_dont_email_post_to_subs":false,"_jetpack_newsletter_tier_id":0,"_jetpack_memberships_contains_paywalled_content":false,"_jetpack_memberships_contains_paid_content":false,"footnotes":""},"categories":[97],"tags":[],"class_list":["post-9055","post","type-post","status-publish","format-standard","has-post-thumbnail","hentry","category-obituary"],"aioseo_notices":[],"aioseo_head":"\n\t\t<!-- All in One SEO 5.0.1.1 - aioseo.com -->\n\t<meta name=\"robots\" content=\"max-image-preview:large\" \/>\n\t<meta name=\"author\" content=\"jalesieur\"\/>\n\t<link rel=\"canonical\" href=\"https:\/\/www.ja-lesieur.com\/en\/m-pierre-guillard-1957-2021\/\" \/>\n\t<meta name=\"generator\" content=\"All in One SEO (AIOSEO) 5.0.1.1\" \/>\n\t\t<meta property=\"og:locale\" content=\"en_US\" \/>\n\t\t<meta property=\"og:site_name\" content=\"Funeral Complex LeSieur comprehensive services | ja-lesieur.com\" \/>\n\t\t<meta property=\"og:type\" content=\"article\" \/>\n\t\t<meta property=\"og:title\" content=\"M. Pierre Guillard 1957-2021 | Funeral Complex LeSieur comprehensive services\" \/>\n\t\t<meta property=\"og:url\" content=\"https:\/\/www.ja-lesieur.com\/en\/m-pierre-guillard-1957-2021\/\" \/>\n\t\t<meta property=\"article:published_time\" content=\"2021-01-22T22:48:11+00:00\" \/>\n\t\t<meta property=\"article:modified_time\" content=\"2024-03-13T20:39:48+00:00\" \/>\n\t\t<script type=\"application\/ld+json\" class=\"aioseo-schema\">\n\t\t\t{\"@context\":\"https:\\\/\\\/schema.org\",\"@graph\":[{\"@type\":\"Article\",\"@id\":\"https:\\\/\\\/www.ja-lesieur.com\\\/en\\\/m-pierre-guillard-1957-2021\\\/#article\",\"name\":\"M. Pierre Guillard 1957-2021 | Funeral Complex LeSieur comprehensive services\",\"headline\":\"M. Pierre Guillard 1957-2021\",\"author\":{\"@id\":\"https:\\\/\\\/www.ja-lesieur.com\\\/en\\\/author\\\/jalesieur\\\/#author\"},\"publisher\":{\"@id\":\"https:\\\/\\\/www.ja-lesieur.com\\\/en\\\/#organization\"},\"image\":{\"@type\":\"ImageObject\",\"url\":\"https:\\\/\\\/www.ja-lesieur.com\\\/wp-content\\\/uploads\\\/2021\\\/01\\\/Pierre-Guillard-CARR\\u00c9.jpg\",\"width\":264,\"height\":264},\"datePublished\":\"2021-01-22T22:48:11-05:00\",\"dateModified\":\"2024-03-13T16:39:48-04:00\",\"inLanguage\":\"en-US\",\"mainEntityOfPage\":{\"@id\":\"https:\\\/\\\/www.ja-lesieur.com\\\/en\\\/m-pierre-guillard-1957-2021\\\/#webpage\"},\"isPartOf\":{\"@id\":\"https:\\\/\\\/www.ja-lesieur.com\\\/en\\\/m-pierre-guillard-1957-2021\\\/#webpage\"},\"articleSection\":\"Obituary\"},{\"@type\":\"BreadcrumbList\",\"@id\":\"https:\\\/\\\/www.ja-lesieur.com\\\/en\\\/m-pierre-guillard-1957-2021\\\/#breadcrumblist\",\"itemListElement\":[{\"@type\":\"ListItem\",\"@id\":\"https:\\\/\\\/www.ja-lesieur.com\\\/en\\\/#listItem\",\"position\":1,\"name\":\"Accueil\",\"item\":\"https:\\\/\\\/www.ja-lesieur.com\\\/en\\\/\",\"nextItem\":{\"@type\":\"ListItem\",\"@id\":\"https:\\\/\\\/www.ja-lesieur.com\\\/en\\\/category\\\/obituary\\\/#listItem\",\"name\":\"Obituary\"}},{\"@type\":\"ListItem\",\"@id\":\"https:\\\/\\\/www.ja-lesieur.com\\\/en\\\/category\\\/obituary\\\/#listItem\",\"position\":2,\"name\":\"Obituary\",\"item\":\"https:\\\/\\\/www.ja-lesieur.com\\\/en\\\/category\\\/obituary\\\/\",\"nextItem\":{\"@type\":\"ListItem\",\"@id\":\"https:\\\/\\\/www.ja-lesieur.com\\\/en\\\/m-pierre-guillard-1957-2021\\\/#listItem\",\"name\":\"M. Pierre Guillard 1957-2021\"},\"previousItem\":{\"@type\":\"ListItem\",\"@id\":\"https:\\\/\\\/www.ja-lesieur.com\\\/en\\\/#listItem\",\"name\":\"Accueil\"}},{\"@type\":\"ListItem\",\"@id\":\"https:\\\/\\\/www.ja-lesieur.com\\\/en\\\/m-pierre-guillard-1957-2021\\\/#listItem\",\"position\":3,\"name\":\"M. Pierre Guillard 1957-2021\",\"previousItem\":{\"@type\":\"ListItem\",\"@id\":\"https:\\\/\\\/www.ja-lesieur.com\\\/en\\\/category\\\/obituary\\\/#listItem\",\"name\":\"Obituary\"}}]},{\"@type\":\"Organization\",\"@id\":\"https:\\\/\\\/www.ja-lesieur.com\\\/en\\\/#organization\",\"name\":\"Complexe fun\\u00e9raire LeSieur\",\"description\":\"ja-lesieur.com\",\"url\":\"https:\\\/\\\/www.ja-lesieur.com\\\/en\\\/\",\"telephone\":\"+18883678471\"},{\"@type\":\"Person\",\"@id\":\"https:\\\/\\\/www.ja-lesieur.com\\\/en\\\/author\\\/jalesieur\\\/#author\",\"url\":\"https:\\\/\\\/www.ja-lesieur.com\\\/en\\\/author\\\/jalesieur\\\/\",\"name\":\"jalesieur\",\"image\":{\"@type\":\"ImageObject\",\"@id\":\"https:\\\/\\\/www.ja-lesieur.com\\\/en\\\/m-pierre-guillard-1957-2021\\\/#authorImage\",\"url\":\"\\\/\\\/www.gravatar.com\\\/avatar\\\/5afc64bab577539bd90d98b3264ef833?s=96&#038;r=g&#038;d=mm\",\"width\":96,\"height\":96,\"caption\":\"jalesieur\"}},{\"@type\":\"WebPage\",\"@id\":\"https:\\\/\\\/www.ja-lesieur.com\\\/en\\\/m-pierre-guillard-1957-2021\\\/#webpage\",\"url\":\"https:\\\/\\\/www.ja-lesieur.com\\\/en\\\/m-pierre-guillard-1957-2021\\\/\",\"name\":\"M. Pierre Guillard 1957-2021 | Funeral Complex LeSieur comprehensive services\",\"inLanguage\":\"en-US\",\"isPartOf\":{\"@id\":\"https:\\\/\\\/www.ja-lesieur.com\\\/en\\\/#website\"},\"breadcrumb\":{\"@id\":\"https:\\\/\\\/www.ja-lesieur.com\\\/en\\\/m-pierre-guillard-1957-2021\\\/#breadcrumblist\"},\"author\":{\"@id\":\"https:\\\/\\\/www.ja-lesieur.com\\\/en\\\/author\\\/jalesieur\\\/#author\"},\"creator\":{\"@id\":\"https:\\\/\\\/www.ja-lesieur.com\\\/en\\\/author\\\/jalesieur\\\/#author\"},\"image\":{\"@type\":\"ImageObject\",\"url\":\"https:\\\/\\\/www.ja-lesieur.com\\\/wp-content\\\/uploads\\\/2021\\\/01\\\/Pierre-Guillard-CARR\\u00c9.jpg\",\"@id\":\"https:\\\/\\\/www.ja-lesieur.com\\\/en\\\/m-pierre-guillard-1957-2021\\\/#mainImage\",\"width\":264,\"height\":264},\"primaryImageOfPage\":{\"@id\":\"https:\\\/\\\/www.ja-lesieur.com\\\/en\\\/m-pierre-guillard-1957-2021\\\/#mainImage\"},\"datePublished\":\"2021-01-22T22:48:11-05:00\",\"dateModified\":\"2024-03-13T16:39:48-04:00\"},{\"@type\":\"WebSite\",\"@id\":\"https:\\\/\\\/www.ja-lesieur.com\\\/en\\\/#website\",\"url\":\"https:\\\/\\\/www.ja-lesieur.com\\\/en\\\/\",\"name\":\"Complexe fun\\u00e9raire LeSieur des services complets\",\"description\":\"ja-lesieur.com\",\"inLanguage\":\"en-US\",\"publisher\":{\"@id\":\"https:\\\/\\\/www.ja-lesieur.com\\\/en\\\/#organization\"}}]}\n\t\t<\/script>\n\t\t<!-- All in One SEO -->\n\n","aioseo_head_json":{"title":"M. Pierre Guillard 1957-2021 | Funeral Complex LeSieur comprehensive services","description":"","canonical_url":"https:\/\/www.ja-lesieur.com\/en\/m-pierre-guillard-1957-2021\/","robots":"max-image-preview:large","keywords":"","webmasterTools":{"miscellaneous":""},"schema":{"@context":"https:\/\/schema.org","@graph":[{"@type":"Article","@id":"https:\/\/www.ja-lesieur.com\/en\/m-pierre-guillard-1957-2021\/#article","name":"M. Pierre Guillard 1957-2021 | Funeral Complex LeSieur comprehensive services","headline":"M. Pierre Guillard 1957-2021","author":{"@id":"https:\/\/www.ja-lesieur.com\/en\/author\/jalesieur\/#author"},"publisher":{"@id":"https:\/\/www.ja-lesieur.com\/en\/#organization"},"image":{"@type":"ImageObject","url":"https:\/\/www.ja-lesieur.com\/wp-content\/uploads\/2021\/01\/Pierre-Guillard-CARR\u00c9.jpg","width":264,"height":264},"datePublished":"2021-01-22T22:48:11-05:00","dateModified":"2024-03-13T16:39:48-04:00","inLanguage":"en-US","mainEntityOfPage":{"@id":"https:\/\/www.ja-lesieur.com\/en\/m-pierre-guillard-1957-2021\/#webpage"},"isPartOf":{"@id":"https:\/\/www.ja-lesieur.com\/en\/m-pierre-guillard-1957-2021\/#webpage"},"articleSection":"Obituary"},{"@type":"BreadcrumbList","@id":"https:\/\/www.ja-lesieur.com\/en\/m-pierre-guillard-1957-2021\/#breadcrumblist","itemListElement":[{"@type":"ListItem","@id":"https:\/\/www.ja-lesieur.com\/en\/#listItem","position":1,"name":"Accueil","item":"https:\/\/www.ja-lesieur.com\/en\/","nextItem":{"@type":"ListItem","@id":"https:\/\/www.ja-lesieur.com\/en\/category\/obituary\/#listItem","name":"Obituary"}},{"@type":"ListItem","@id":"https:\/\/www.ja-lesieur.com\/en\/category\/obituary\/#listItem","position":2,"name":"Obituary","item":"https:\/\/www.ja-lesieur.com\/en\/category\/obituary\/","nextItem":{"@type":"ListItem","@id":"https:\/\/www.ja-lesieur.com\/en\/m-pierre-guillard-1957-2021\/#listItem","name":"M. Pierre Guillard 1957-2021"},"previousItem":{"@type":"ListItem","@id":"https:\/\/www.ja-lesieur.com\/en\/#listItem","name":"Accueil"}},{"@type":"ListItem","@id":"https:\/\/www.ja-lesieur.com\/en\/m-pierre-guillard-1957-2021\/#listItem","position":3,"name":"M. Pierre Guillard 1957-2021","previousItem":{"@type":"ListItem","@id":"https:\/\/www.ja-lesieur.com\/en\/category\/obituary\/#listItem","name":"Obituary"}}]},{"@type":"Organization","@id":"https:\/\/www.ja-lesieur.com\/en\/#organization","name":"Complexe fun\u00e9raire LeSieur","description":"ja-lesieur.com","url":"https:\/\/www.ja-lesieur.com\/en\/","telephone":"+18883678471"},{"@type":"Person","@id":"https:\/\/www.ja-lesieur.com\/en\/author\/jalesieur\/#author","url":"https:\/\/www.ja-lesieur.com\/en\/author\/jalesieur\/","name":"jalesieur","image":{"@type":"ImageObject","@id":"https:\/\/www.ja-lesieur.com\/en\/m-pierre-guillard-1957-2021\/#authorImage","url":"\/\/www.gravatar.com\/avatar\/5afc64bab577539bd90d98b3264ef833?s=96&#038;r=g&#038;d=mm","width":96,"height":96,"caption":"jalesieur"}},{"@type":"WebPage","@id":"https:\/\/www.ja-lesieur.com\/en\/m-pierre-guillard-1957-2021\/#webpage","url":"https:\/\/www.ja-lesieur.com\/en\/m-pierre-guillard-1957-2021\/","name":"M. Pierre Guillard 1957-2021 | Funeral Complex LeSieur comprehensive services","inLanguage":"en-US","isPartOf":{"@id":"https:\/\/www.ja-lesieur.com\/en\/#website"},"breadcrumb":{"@id":"https:\/\/www.ja-lesieur.com\/en\/m-pierre-guillard-1957-2021\/#breadcrumblist"},"author":{"@id":"https:\/\/www.ja-lesieur.com\/en\/author\/jalesieur\/#author"},"creator":{"@id":"https:\/\/www.ja-lesieur.com\/en\/author\/jalesieur\/#author"},"image":{"@type":"ImageObject","url":"https:\/\/www.ja-lesieur.com\/wp-content\/uploads\/2021\/01\/Pierre-Guillard-CARR\u00c9.jpg","@id":"https:\/\/www.ja-lesieur.com\/en\/m-pierre-guillard-1957-2021\/#mainImage","width":264,"height":264},"primaryImageOfPage":{"@id":"https:\/\/www.ja-lesieur.com\/en\/m-pierre-guillard-1957-2021\/#mainImage"},"datePublished":"2021-01-22T22:48:11-05:00","dateModified":"2024-03-13T16:39:48-04:00"},{"@type":"WebSite","@id":"https:\/\/www.ja-lesieur.com\/en\/#website","url":"https:\/\/www.ja-lesieur.com\/en\/","name":"Complexe fun\u00e9raire LeSieur des services complets","description":"ja-lesieur.com","inLanguage":"en-US","publisher":{"@id":"https:\/\/www.ja-lesieur.com\/en\/#organization"}}]},"og:locale":"en_US","og:site_name":"Funeral Complex LeSieur comprehensive services | ja-lesieur.com","og:type":"article","og:title":"M. Pierre Guillard 1957-2021 | Funeral Complex LeSieur comprehensive services","og:url":"https:\/\/www.ja-lesieur.com\/en\/m-pierre-guillard-1957-2021\/","article:published_time":"2021-01-22T22:48:11+00:00","article:modified_time":"2024-03-13T20:39:48+00:00"},"aioseo_meta_data":{"post_id":"9055","title":null,"description":null,"keywords":[],"keyphrases":{"focus":{"keyphrase":"","score":0,"analysis":{"keyphraseInTitle":{"score":0,"maxScore":9,"error":1}}},"additional":[]},"primary_term":null,"canonical_url":null,"og_title":null,"og_description":null,"og_object_type":"default","og_image_type":"default","og_image_url":null,"og_image_width":null,"og_image_height":null,"og_image_custom_url":null,"og_image_custom_fields":null,"og_video":"","og_custom_url":null,"og_article_section":null,"og_article_tags":[],"twitter_use_og":false,"twitter_card":"default","twitter_image_type":"default","twitter_image_url":null,"twitter_image_custom_url":null,"twitter_image_custom_fields":null,"twitter_title":null,"twitter_description":null,"schema":{"blockGraphs":[],"customGraphs":[],"default":{"data":{"Article":[],"Course":[],"Dataset":[],"FAQPage":[],"Movie":[],"Person":[],"Product":[],"ProductReview":[],"Car":[],"Recipe":[],"Service":[],"SoftwareApplication":[],"WebPage":[]},"graphName":"Article","isEnabled":true},"graphs":[]},"schema_type":null,"schema_type_options":null,"pillar_content":false,"robots_default":true,"robots_noindex":false,"robots_noarchive":false,"robots_nosnippet":false,"robots_nofollow":false,"robots_noimageindex":false,"robots_noodp":false,"robots_notranslate":false,"robots_max_snippet":"-1","robots_max_videopreview":"-1","robots_max_imagepreview":"large","priority":null,"frequency":"default","local_seo":null,"breadcrumb_settings":null,"limit_modified_date":false,"ai":null,"created":"2021-10-05 20:27:22","updated":"2025-06-04 13:31:17","seo_analyzer_scan_date":null,"focus_keyword":null,"additional_keywords":null,"truseo_locale":null},"aioseo_breadcrumb":"<div class=\"aioseo-breadcrumbs\"><span class=\"aioseo-breadcrumb\">\n\t\t\t<a href=\"https:\/\/www.ja-lesieur.com\/en\/\" title=\"Accueil\">Accueil<\/a>\n\t\t<\/span><span class=\"aioseo-breadcrumb-separator\">&raquo;<\/span><span class=\"aioseo-breadcrumb\">\n\t\t\t<a href=\"https:\/\/www.ja-lesieur.com\/en\/category\/obituary\/\" title=\"Obituary\">Obituary<\/a>\n\t\t<\/span><span class=\"aioseo-breadcrumb-separator\">&raquo;<\/span><span class=\"aioseo-breadcrumb\">\n\t\t\tM. Pierre Guillard 1957-2021\n\t\t<\/span><\/div>","aioseo_breadcrumb_json":[{"label":"Accueil","link":"https:\/\/www.ja-lesieur.com\/en\/"},{"label":"Obituary","link":"https:\/\/www.ja-lesieur.com\/en\/category\/obituary\/"},{"label":"M. Pierre Guillard 1957-2021","link":"https:\/\/www.ja-lesieur.com\/en\/m-pierre-guillard-1957-2021\/"}],"jetpack_sharing_enabled":true,"jetpack_featured_media_url":"https:\/\/www.ja-lesieur.com\/wp-content\/uploads\/2021\/01\/Pierre-Guillard-CARR\u00c9.jpg","_links":{"self":[{"href":"https:\/\/www.ja-lesieur.com\/en\/wp-json\/wp\/v2\/posts\/9055","targetHints":{"allow":["GET"]}}],"collection":[{"href":"https:\/\/www.ja-lesieur.com\/en\/wp-json\/wp\/v2\/posts"}],"about":[{"href":"https:\/\/www.ja-lesieur.com\/en\/wp-json\/wp\/v2\/types\/post"}],"author":[{"embeddable":true,"href":"https:\/\/www.ja-lesieur.com\/en\/wp-json\/wp\/v2\/users\/1"}],"replies":[{"embeddable":true,"href":"https:\/\/www.ja-lesieur.com\/en\/wp-json\/wp\/v2\/comments?post=9055"}],"version-history":[{"count":6,"href":"https:\/\/www.ja-lesieur.com\/en\/wp-json\/wp\/v2\/posts\/9055\/revisions"}],"predecessor-version":[{"id":16195,"href":"https:\/\/www.ja-lesieur.com\/en\/wp-json\/wp\/v2\/posts\/9055\/revisions\/16195"}],"wp:featuredmedia":[{"embeddable":true,"href":"https:\/\/www.ja-lesieur.com\/en\/wp-json\/wp\/v2\/media\/9053"}],"wp:attachment":[{"href":"https:\/\/www.ja-lesieur.com\/en\/wp-json\/wp\/v2\/media?parent=9055"}],"wp:term":[{"taxonomy":"category","embeddable":true,"href":"https:\/\/www.ja-lesieur.com\/en\/wp-json\/wp\/v2\/categories?post=9055"},{"taxonomy":"post_tag","embeddable":true,"href":"https:\/\/www.ja-lesieur.com\/en\/wp-json\/wp\/v2\/tags?post=9055"}],"curies":[{"name":"wp","href":"https:\/\/api.w.org\/{rel}","templated":true}]}}