{"id":9839,"date":"2021-07-26T13:42:00","date_gmt":"2021-07-26T13:42:00","guid":{"rendered":"https:\/\/www.ja-lesieur.com\/m-serge-perron-1952-2021\/"},"modified":"2021-07-27T13:44:22","modified_gmt":"2021-07-27T13:44:22","slug":"m-serge-perron-1952-2021","status":"publish","type":"post","link":"https:\/\/www.ja-lesieur.com\/en\/m-serge-perron-1952-2021\/","title":{"rendered":"M. Serge Perron 1952-2021"},"content":{"rendered":"\n<p class=\"wp-block-paragraph\">Est d\u00e9c\u00e9d\u00e9 paisiblement dans son sommeil et \u00e0 sa demande en toute discr\u00e9tion au centre hospitalier BMP de Cowansville, entour\u00e9 de son \u00e9pouse Mme C\u00e9line Chouinard et de sa fille Nathalie, le lundi matin, 26 juillet 2021.&nbsp;<\/p>\n\n\n\n<p class=\"wp-block-paragraph\">Outre son \u00e9pouse C\u00e9line, il laisse dans le deuil sa fille Nathalie (Jacques); ses petites-filles: Jana et Ma\u00efa; ses s\u0153urs : France (Robert) et Andr\u00e9e (Jean); ses belles-s\u0153urs : Carmen et Colette (Michel) et son beau-fr\u00e8re Jean-Claude ainsi que plusieurs parents, ami(e)s et son chien K-7.<\/p>\n\n\n\n<p class=\"wp-block-paragraph\"><strong>L&#8217;Aquamation a eu lieu au Bio-Cr\u00e9matorium Le Sieur de Granby.<\/strong><strong><\/strong><\/p>\n\n\n\n<p class=\"wp-block-paragraph\"><strong>COMPLEXE FUN\u00c9RAIRE<\/strong><strong><\/strong><\/p>\n\n\n\n<p class=\"wp-block-paragraph\"><strong>LESIEUR<\/strong><strong><\/strong><\/p>\n\n\n\n<p class=\"wp-block-paragraph\"><strong>60 Boul. Pie IX, Granby, Qc<\/strong><strong><\/strong><\/p>\n\n\n\n<p class=\"wp-block-paragraph\"><strong>t\u00e9l: 450-777-1414 t\u00e9lec: 450-777-0999<\/strong><strong><\/strong><\/p>\n\n\n\n<p class=\"wp-block-paragraph\"><strong>www.lesieur.ca &#8211; info@lesieur.ca<\/strong><strong><\/strong><\/p>\n\n\n\n<p class=\"wp-block-paragraph\"><strong>Membre de la CTQ<\/strong><strong><\/strong><\/p>\n\n\n\n<p class=\"wp-block-paragraph\">Afin de respecter les derni\u00e8res volont\u00e9s de M. Perron, il n&#8217;y aura pas d&#8217;exposition. Une c\u00e9r\u00e9monie aura lieu dans la plus stricte intimit\u00e9 \u00e0 une date ult\u00e9rieure.<\/p>\n","protected":false},"excerpt":{"rendered":"<p>Est d\u00e9c\u00e9d\u00e9 paisiblement dans son sommeil et \u00e0 sa demande en toute discr\u00e9tion au centre hospitalier BMP de Cowansville, entour\u00e9 de son \u00e9pouse Mme C\u00e9line Chouinard et de sa fille Nathalie, le lundi matin, 26 juillet 2021.&nbsp; Outre son \u00e9pouse C\u00e9line, il laisse dans le deuil sa fille Nathalie (Jacques); ses petites-filles: Jana et Ma\u00efa; [&hellip;]<\/p>\n","protected":false},"author":1,"featured_media":9837,"comment_status":"closed","ping_status":"closed","sticky":false,"template":"","format":"standard","meta":{"_crdt_document":"","_jetpack_memberships_contains_paid_content":false,"footnotes":""},"categories":[97],"tags":[],"class_list":["post-9839","post","type-post","status-publish","format-standard","has-post-thumbnail","hentry","category-obituary"],"aioseo_notices":[],"jetpack_featured_media_url":"https:\/\/www.ja-lesieur.com\/wp-content\/uploads\/2021\/07\/Serge-Perron-CARR\u00c9E-e1627393401630.jpeg","jetpack_sharing_enabled":true,"_links":{"self":[{"href":"https:\/\/www.ja-lesieur.com\/en\/wp-json\/wp\/v2\/posts\/9839","targetHints":{"allow":["GET"]}}],"collection":[{"href":"https:\/\/www.ja-lesieur.com\/en\/wp-json\/wp\/v2\/posts"}],"about":[{"href":"https:\/\/www.ja-lesieur.com\/en\/wp-json\/wp\/v2\/types\/post"}],"author":[{"embeddable":true,"href":"https:\/\/www.ja-lesieur.com\/en\/wp-json\/wp\/v2\/users\/1"}],"replies":[{"embeddable":true,"href":"https:\/\/www.ja-lesieur.com\/en\/wp-json\/wp\/v2\/comments?post=9839"}],"version-history":[{"count":1,"href":"https:\/\/www.ja-lesieur.com\/en\/wp-json\/wp\/v2\/posts\/9839\/revisions"}],"predecessor-version":[{"id":9840,"href":"https:\/\/www.ja-lesieur.com\/en\/wp-json\/wp\/v2\/posts\/9839\/revisions\/9840"}],"wp:featuredmedia":[{"embeddable":true,"href":"https:\/\/www.ja-lesieur.com\/en\/wp-json\/wp\/v2\/media\/9837"}],"wp:attachment":[{"href":"https:\/\/www.ja-lesieur.com\/en\/wp-json\/wp\/v2\/media?parent=9839"}],"wp:term":[{"taxonomy":"category","embeddable":true,"href":"https:\/\/www.ja-lesieur.com\/en\/wp-json\/wp\/v2\/categories?post=9839"},{"taxonomy":"post_tag","embeddable":true,"href":"https:\/\/www.ja-lesieur.com\/en\/wp-json\/wp\/v2\/tags?post=9839"}],"curies":[{"name":"wp","href":"https:\/\/api.w.org\/{rel}","templated":true}]}}